{"id":4571,"date":"2020-03-10T13:31:13","date_gmt":"2020-03-10T13:31:13","guid":{"rendered":"http:\/\/abspace.yves-rocher.com\/se\/?p=4571"},"modified":"2021-06-30T14:08:26","modified_gmt":"2021-06-30T14:08:26","slug":"portratt-av-5-inspirerande-kvinnor","status":"publish","type":"post","link":"https:\/\/abspace.yves-rocher.com\/se\/sv\/portratt-av-5-inspirerande-kvinnor\/","title":{"rendered":"Portr\u00e4tt av 5 inspirerande kvinnor"},"content":{"rendered":"<div id=\"pl-4571\"  class=\"panel-layout\" ><div id=\"pg-4571-0\"  class=\"panel-grid panel-no-style\" ><div id=\"pgc-4571-0-0\"  class=\"panel-grid-cell\" >            <div class=\"textWidget header-description \">\r\n                <p>Vi firar Internationella Kvinnodagen genom att lyfta 5 extraordin\u00e4ra kvinnor och deras \u00e5taganden som r\u00f6r v\u00e5ra hj\u00e4rtan.  <\/p>\r\n            <\/div>\r\n    <\/div><\/div><div id=\"pg-4571-1\"  class=\"panel-grid panel-no-style\" ><div id=\"pgc-4571-1-0\"  class=\"panel-grid-cell\" ><div id=\"panel-4571-1-0-0\" class=\"so-panel widget widget_sow-editor panel-first-child panel-last-child\" data-index=\"1\" ><div\n\t\t\t\n\t\t\tclass=\"so-widget-sow-editor so-widget-sow-editor-base\"\n\t\t\t\n\t\t>\n<div class=\"siteorigin-widget-tinymce textwidget\">\n\t<h2><b>Vinnare av Terre de Femmes 2018 och 2019<\/b><\/h2>\n<p>Har du h\u00f6rt talas om utm\u00e4rkelsen Terre de Femmes som lanserades av stiftelsen Yves Rocher? I 25 \u00e5r har vi st\u00f6ttat och bel\u00f6nat kvinnor som arbetar f\u00f6r en b\u00e4ttre planet. Du kan l\u00e4sa mer om Terre de Femmes <a href=\"http:\/\/www.yves-rocher-fondation.org\/terre-de-femmes\/\">h\u00e4r<\/a>\u00a0.<\/p>\n<p>L\u00e5t oss presentera de exceptionella kvinnorna som kammade hem priset \u00e5r 2018 och 2019 och som vi dagligen \u00e4r stolta \u00f6ver.<\/p>\n<\/div>\n<\/div><\/div><\/div><\/div><div id=\"pg-4571-2\"  class=\"panel-grid panel-no-style\" ><div id=\"pgc-4571-2-0\"  class=\"panel-grid-cell\" ><div id=\"panel-4571-2-0-0\" class=\"so-panel widget widget_sow-editor panel-first-child panel-last-child\" data-index=\"2\" ><div\n\t\t\t\n\t\t\tclass=\"so-widget-sow-editor so-widget-sow-editor-base\"\n\t\t\t\n\t\t>\n<div class=\"siteorigin-widget-tinymce textwidget\">\n\t<ul>\n<li><strong>Elena Carillo (Spanien)- 2018 \u00e5rs vinnare med projektet \u201dMujeres de Arcilla\u201d, som bygger hush\u00e5ll med hj\u00e4lp av lertegelstenar.<\/strong><\/li>\n<\/ul>\n<p>Elena Carillo arbetar som arkitekt med inriktning av <strong>konstruktion med lertegelstenar<\/strong>. Hennes professionella huvudsyfte \u00e4r att f\u00f6rb\u00e4ttra livssituationen fr\u00e5n ett <strong>j\u00e4mst\u00e4llt perspektiv<\/strong> med hj\u00e4lp av enbart naturmaterial. Elena har flera \u00e5rs erfarenhet med att arbeta med olika sociala bostadssprojekt i <strong>Nicaragua<\/strong> och med att hj\u00e4lpa tungt arbetsbelastade kvinnor i sina hem.<\/p>\n<p>Husen konstrueras med hj\u00e4lp av lertegelstenar eftersom det \u00e4r ett <strong>tillg\u00e4ngligt material<\/strong> f\u00f6r hela befolkningen och dessutom inte efterl\u00e4mnar n\u00e5gra sp\u00e5r av<strong> koldioxid<\/strong>.<span class=\"Apple-converted-space\">\u00a0<\/span><\/p>\n<p>Visionen med projektet \u00e4r att v\u00e4rva kvinnor, synligg\u00f6ra dem och f\u00f6rst\u00e4rka deras kompetens i syfte med att kunna f\u00f6rst\u00e4rka hush\u00e5llet. 145 familjer och studenter har hitintills medverkat i programmet.<\/p>\n<p>Idag bidrar Elena Carillo med att <strong>h\u00f6ja kompetensen inom teknik och organisationsf\u00f6rm\u00e5ga<\/strong> f\u00f6r kvinnor i <strong>Mexiko<\/strong>.<\/p>\n<p>Du kan l\u00e4sa mer om Elena <a href=\"http:\/\/www.colectivozompopo.org\">h\u00e4r<\/a>.<\/p>\n<\/div>\n<\/div><\/div><\/div><div id=\"pgc-4571-2-1\"  class=\"panel-grid-cell\" ><div id=\"panel-4571-2-1-0\" class=\"so-panel widget widget_sow-image panel-first-child panel-last-child\" data-index=\"3\" ><div\n\t\t\t\n\t\t\tclass=\"so-widget-sow-image so-widget-sow-image-default-8b5b6f678277-4571\"\n\t\t\t\n\t\t>\r\n\r\n\r\n<div class=\"sow-image-container\">\r\n    \r\n    <img loading=\"lazy\" decoding=\"async\" src=\"https:\/\/abspace.yves-rocher.com\/se\/wp-content\/uploads\/sites\/12\/2019\/12\/2003_portraits_femmes_image1_1100x652.jpg\" width=\"1100\" height=\"652\" srcset=\"\"          class=\"so-widget-image\" \/>\r\n\r\n    \r\n    \r\n    <\/div>\r\n\r\n<\/div><\/div><\/div><\/div><div id=\"pg-4571-3\"  class=\"panel-grid panel-no-style\" ><div id=\"pgc-4571-3-0\"  class=\"panel-grid-cell\" ><div id=\"panel-4571-3-0-0\" class=\"so-panel widget widget_sow-image panel-first-child panel-last-child\" data-index=\"4\" ><div\n\t\t\t\n\t\t\tclass=\"so-widget-sow-image so-widget-sow-image-default-8b5b6f678277-4571\"\n\t\t\t\n\t\t>\r\n\r\n\r\n<div class=\"sow-image-container\">\r\n    \r\n    <img loading=\"lazy\" decoding=\"async\" src=\"https:\/\/abspace.yves-rocher.com\/se\/wp-content\/uploads\/sites\/12\/2019\/12\/2003_portraits_femmes_image2_1100x652.jpg\" width=\"1100\" height=\"652\" srcset=\"\"          class=\"so-widget-image\" \/>\r\n\r\n    \r\n    \r\n    <\/div>\r\n\r\n<\/div><\/div><\/div><div id=\"pgc-4571-3-1\"  class=\"panel-grid-cell\" ><div id=\"panel-4571-3-1-0\" class=\"so-panel widget widget_sow-editor panel-first-child panel-last-child\" data-index=\"5\" ><div\n\t\t\t\n\t\t\tclass=\"so-widget-sow-editor so-widget-sow-editor-base\"\n\t\t\t\n\t\t>\n<div class=\"siteorigin-widget-tinymce textwidget\">\n\t<ul>\n<li><strong>Stella Deetjen (Tyskland) - 2019 \u00e5rs vinnare med projektet \u201dBack to Life\u201d med syfte att bevara ekosystem och livsmilj\u00f6er i Nepal<\/strong><\/li>\n<\/ul>\n<p>Stella Deetjen fick en chock n\u00e4r hon bes\u00f6kte <strong>Indien<\/strong> f\u00f6r f\u00f6rsta g\u00e5ngen och fick uppleva de hemska levnadsvillkoren f\u00f6r m\u00e4nniskor med spet\u00e4lska som blivit bortgl\u00f6mda av samh\u00e4llet. Hennes upplevelse resulterade i att hon stannade kvar i landet f\u00f6r att genomf\u00f6ra solit\u00e4rt arbete i <strong>15 \u00e5r<\/strong>. D\u00e4refter flyttade hon vidare till<strong> Nepal<\/strong>, ett \u00e4nnu fattigare land \u00e4n Indien.<span class=\"Apple-converted-space\">\u00a0<\/span><\/p>\n<p>Idag arbetar Stella <strong>uppe i bergen<\/strong>, d\u00e4r familjer kan \u00f6verleva tack vare<strong> eld<\/strong>, en k\u00e4lla som f\u00f6rser dem med b\u00e5de <strong>ljus och v\u00e4rme<\/strong> uppe i bergen. N\u00e5gonting som tyv\u00e4rr resulterat i <strong>avskogning<\/strong> i dessa omr\u00e5den. F\u00f6r att f\u00f6rminska och f\u00f6rebygga avskogning erbjuder Stella Deetjen lokalbefolkningen sm\u00e5 <strong>solpaneler<\/strong> som ljusk\u00e4lla.<span class=\"Apple-converted-space\">\u00a0<\/span><\/p>\n<p>Tack vare Stellas projekt har<strong> 55 000 m\u00e4nniskor<\/strong> f\u00e5tt tillg\u00e5ng till paneler och blivit f\u00f6rsedda med <strong>kunskapen om hur det f\u00f6rb\u00e4ttrar milj\u00f6n<\/strong>. \u00d6ver <strong>5000 solpaneler<\/strong> och <strong>r\u00f6kfria ugnar<\/strong> har blivit installerade, vilket har bidragit till en <strong>minskad effekt av utsl\u00e4pp p\u00e5 \u00f6ver 4000 ton av koldioxid per \u00e5r<\/strong>.<\/p>\n<p>Du kan l\u00e4sa mer om Stellas arbete via denna <a href=\"http:\/\/www.back-to-life.org\">l\u00e4nk<\/a>.<\/p>\n<\/div>\n<\/div><\/div><\/div><\/div><div id=\"pg-4571-4\"  class=\"panel-grid panel-no-style\" ><div id=\"pgc-4571-4-0\"  class=\"panel-grid-cell panel-grid-cell-empty\" ><\/div><\/div><div id=\"pg-4571-5\"  class=\"panel-grid panel-no-style\" ><div id=\"pgc-4571-5-0\"  class=\"panel-grid-cell panel-grid-cell-empty panel-grid-cell-mobile-last\" ><\/div><div id=\"pgc-4571-5-1\"  class=\"panel-grid-cell panel-grid-cell-empty\" ><\/div><\/div><div id=\"pg-4571-6\"  class=\"panel-grid panel-no-style\" ><div id=\"pgc-4571-6-0\"  class=\"panel-grid-cell panel-grid-cell-empty panel-grid-cell-mobile-last\" ><\/div><div id=\"pgc-4571-6-1\"  class=\"panel-grid-cell panel-grid-cell-empty\" ><\/div><\/div><div id=\"pg-4571-7\"  class=\"panel-grid panel-no-style\" ><div id=\"pgc-4571-7-0\"  class=\"panel-grid-cell panel-grid-cell-empty panel-grid-cell-mobile-last\" ><\/div><div id=\"pgc-4571-7-1\"  class=\"panel-grid-cell panel-grid-cell-empty\" ><\/div><\/div><\/div>","protected":false},"excerpt":{"rendered":"<p>L\u00e5t oss introducera dig f\u00f6r n\u00e5gra kvinnor som inspirerar oss med sina projekt.<\/p>\n","protected":false},"author":397564,"featured_media":4577,"comment_status":"open","ping_status":"open","sticky":false,"template":"","format":"standard","meta":{"_acf_changed":false,"_exactmetrics_skip_tracking":false,"_exactmetrics_sitenote_active":false,"_exactmetrics_sitenote_note":"","_exactmetrics_sitenote_category":0,"footnotes":""},"categories":[1],"tags":[651],"class_list":["post-4571","post","type-post","status-publish","format-standard","has-post-thumbnail","hentry","category-uncategorized","tag-viberattarallt"],"acf":[],"yoast_head":"<!-- This site is optimized with the Yoast SEO plugin v24.7 - https:\/\/yoast.com\/wordpress\/plugins\/seo\/ -->\n<title>Act Beautiful - Portr\u00e4tt av 5 inspirerande kvinnor - Yves Rocher<\/title>\n<meta name=\"description\" content=\"L\u00e5t oss introducera dig f\u00f6r n\u00e5gra kvinnor som inspirerar oss med sina projekt.\" \/>\n<meta name=\"robots\" content=\"index, follow, max-snippet:-1, max-image-preview:large, max-video-preview:-1\" \/>\n<link rel=\"canonical\" href=\"https:\/\/abspace.yves-rocher.com\/se\/sv\/portratt-av-5-inspirerande-kvinnor\/\" \/>\n<meta property=\"og:locale\" content=\"sv_SE\" \/>\n<meta property=\"og:type\" content=\"article\" \/>\n<meta property=\"og:title\" content=\"Act Beautiful - Portr\u00e4tt av 5 inspirerande kvinnor - Yves Rocher\" \/>\n<meta property=\"og:description\" content=\"L\u00e5t oss introducera dig f\u00f6r n\u00e5gra kvinnor som inspirerar oss med sina projekt.\" \/>\n<meta property=\"og:url\" content=\"https:\/\/abspace.yves-rocher.com\/se\/sv\/portratt-av-5-inspirerande-kvinnor\/\" \/>\n<meta property=\"og:site_name\" content=\"Sweden YR AB\" \/>\n<meta property=\"article:published_time\" content=\"2020-03-10T13:31:13+00:00\" \/>\n<meta property=\"article:modified_time\" content=\"2021-06-30T14:08:26+00:00\" \/>\n<meta property=\"og:image\" content=\"https:\/\/abspace.yves-rocher.com\/se\/wp-content\/uploads\/sites\/12\/2019\/12\/2003_D_HP-AB-SPACE_Image1_750x1036_6618347.jpg\" \/>\n\t<meta property=\"og:image:width\" content=\"750\" \/>\n\t<meta property=\"og:image:height\" content=\"1036\" \/>\n\t<meta property=\"og:image:type\" content=\"image\/jpeg\" \/>\n<meta name=\"author\" content=\"Claire Mazzella\" \/>\n<meta name=\"twitter:card\" content=\"summary_large_image\" \/>\n<meta name=\"twitter:label1\" content=\"Written by\" \/>\n\t<meta name=\"twitter:data1\" content=\"Claire Mazzella\" \/>\n\t<meta name=\"twitter:label2\" content=\"Est. reading time\" \/>\n\t<meta name=\"twitter:data2\" content=\"5 minutes\" \/>\n<script type=\"application\/ld+json\" class=\"yoast-schema-graph\">{\"@context\":\"https:\/\/schema.org\",\"@graph\":[{\"@type\":\"WebPage\",\"@id\":\"https:\/\/abspace.yves-rocher.com\/se\/sv\/portratt-av-5-inspirerande-kvinnor\/\",\"url\":\"https:\/\/abspace.yves-rocher.com\/se\/sv\/portratt-av-5-inspirerande-kvinnor\/\",\"name\":\"Act Beautiful - Portr\u00e4tt av 5 inspirerande kvinnor - Yves Rocher\",\"isPartOf\":{\"@id\":\"https:\/\/abspace.yves-rocher.com\/se\/#website\"},\"primaryImageOfPage\":{\"@id\":\"https:\/\/abspace.yves-rocher.com\/se\/sv\/portratt-av-5-inspirerande-kvinnor\/#primaryimage\"},\"image\":{\"@id\":\"https:\/\/abspace.yves-rocher.com\/se\/sv\/portratt-av-5-inspirerande-kvinnor\/#primaryimage\"},\"thumbnailUrl\":\"https:\/\/abspace.yves-rocher.com\/se\/wp-content\/uploads\/sites\/12\/2019\/12\/2003_D_HP-AB-SPACE_Image1_750x1036_6618347.jpg\",\"datePublished\":\"2020-03-10T13:31:13+00:00\",\"dateModified\":\"2021-06-30T14:08:26+00:00\",\"author\":{\"@id\":\"https:\/\/abspace.yves-rocher.com\/se\/#\/schema\/person\/0e0b9549e5675a6d05c0a7b0955fbffc\"},\"description\":\"L\u00e5t oss introducera dig f\u00f6r n\u00e5gra kvinnor som inspirerar oss med sina projekt.\",\"breadcrumb\":{\"@id\":\"https:\/\/abspace.yves-rocher.com\/se\/sv\/portratt-av-5-inspirerande-kvinnor\/#breadcrumb\"},\"inLanguage\":\"sv-SE\",\"potentialAction\":[{\"@type\":\"ReadAction\",\"target\":[\"https:\/\/abspace.yves-rocher.com\/se\/sv\/portratt-av-5-inspirerande-kvinnor\/\"]}]},{\"@type\":\"ImageObject\",\"inLanguage\":\"sv-SE\",\"@id\":\"https:\/\/abspace.yves-rocher.com\/se\/sv\/portratt-av-5-inspirerande-kvinnor\/#primaryimage\",\"url\":\"https:\/\/abspace.yves-rocher.com\/se\/wp-content\/uploads\/sites\/12\/2019\/12\/2003_D_HP-AB-SPACE_Image1_750x1036_6618347.jpg\",\"contentUrl\":\"https:\/\/abspace.yves-rocher.com\/se\/wp-content\/uploads\/sites\/12\/2019\/12\/2003_D_HP-AB-SPACE_Image1_750x1036_6618347.jpg\",\"width\":750,\"height\":1036},{\"@type\":\"BreadcrumbList\",\"@id\":\"https:\/\/abspace.yves-rocher.com\/se\/sv\/portratt-av-5-inspirerande-kvinnor\/#breadcrumb\",\"itemListElement\":[{\"@type\":\"ListItem\",\"position\":1,\"name\":\"Home\",\"item\":\"https:\/\/abspace.yves-rocher.com\/se\/sv\/\"},{\"@type\":\"ListItem\",\"position\":2,\"name\":\"Portr\u00e4tt av 5 inspirerande kvinnor\"}]},{\"@type\":\"WebSite\",\"@id\":\"https:\/\/abspace.yves-rocher.com\/se\/#website\",\"url\":\"https:\/\/abspace.yves-rocher.com\/se\/\",\"name\":\"Sweden YR AB\",\"description\":\"Just another Act Beautiful site\",\"potentialAction\":[{\"@type\":\"SearchAction\",\"target\":{\"@type\":\"EntryPoint\",\"urlTemplate\":\"https:\/\/abspace.yves-rocher.com\/se\/?s={search_term_string}\"},\"query-input\":{\"@type\":\"PropertyValueSpecification\",\"valueRequired\":true,\"valueName\":\"search_term_string\"}}],\"inLanguage\":\"sv-SE\"},{\"@type\":\"Person\",\"@id\":\"https:\/\/abspace.yves-rocher.com\/se\/#\/schema\/person\/0e0b9549e5675a6d05c0a7b0955fbffc\",\"name\":\"Claire Mazzella\",\"image\":{\"@type\":\"ImageObject\",\"inLanguage\":\"sv-SE\",\"@id\":\"https:\/\/abspace.yves-rocher.com\/se\/#\/schema\/person\/image\/\",\"url\":\"https:\/\/secure.gravatar.com\/avatar\/190d6b6e3ba3aa26c1ec41bf67910097?s=96&d=mm&r=g\",\"contentUrl\":\"https:\/\/secure.gravatar.com\/avatar\/190d6b6e3ba3aa26c1ec41bf67910097?s=96&d=mm&r=g\",\"caption\":\"Claire Mazzella\"},\"url\":\"https:\/\/abspace.yves-rocher.com\/se\/sv\/author\/clairemazella\/\"}]}<\/script>\n<!-- \/ Yoast SEO plugin. -->","yoast_head_json":{"title":"Act Beautiful - Portr\u00e4tt av 5 inspirerande kvinnor - Yves Rocher","description":"L\u00e5t oss introducera dig f\u00f6r n\u00e5gra kvinnor som inspirerar oss med sina projekt.","robots":{"index":"index","follow":"follow","max-snippet":"max-snippet:-1","max-image-preview":"max-image-preview:large","max-video-preview":"max-video-preview:-1"},"canonical":"https:\/\/abspace.yves-rocher.com\/se\/sv\/portratt-av-5-inspirerande-kvinnor\/","og_locale":"sv_SE","og_type":"article","og_title":"Act Beautiful - Portr\u00e4tt av 5 inspirerande kvinnor - Yves Rocher","og_description":"L\u00e5t oss introducera dig f\u00f6r n\u00e5gra kvinnor som inspirerar oss med sina projekt.","og_url":"https:\/\/abspace.yves-rocher.com\/se\/sv\/portratt-av-5-inspirerande-kvinnor\/","og_site_name":"Sweden YR AB","article_published_time":"2020-03-10T13:31:13+00:00","article_modified_time":"2021-06-30T14:08:26+00:00","og_image":[{"width":750,"height":1036,"url":"https:\/\/abspace.yves-rocher.com\/se\/wp-content\/uploads\/sites\/12\/2019\/12\/2003_D_HP-AB-SPACE_Image1_750x1036_6618347.jpg","type":"image\/jpeg"}],"author":"Claire Mazzella","twitter_card":"summary_large_image","twitter_misc":{"Written by":"Claire Mazzella","Est. reading time":"5 minutes"},"schema":{"@context":"https:\/\/schema.org","@graph":[{"@type":"WebPage","@id":"https:\/\/abspace.yves-rocher.com\/se\/sv\/portratt-av-5-inspirerande-kvinnor\/","url":"https:\/\/abspace.yves-rocher.com\/se\/sv\/portratt-av-5-inspirerande-kvinnor\/","name":"Act Beautiful - Portr\u00e4tt av 5 inspirerande kvinnor - Yves Rocher","isPartOf":{"@id":"https:\/\/abspace.yves-rocher.com\/se\/#website"},"primaryImageOfPage":{"@id":"https:\/\/abspace.yves-rocher.com\/se\/sv\/portratt-av-5-inspirerande-kvinnor\/#primaryimage"},"image":{"@id":"https:\/\/abspace.yves-rocher.com\/se\/sv\/portratt-av-5-inspirerande-kvinnor\/#primaryimage"},"thumbnailUrl":"https:\/\/abspace.yves-rocher.com\/se\/wp-content\/uploads\/sites\/12\/2019\/12\/2003_D_HP-AB-SPACE_Image1_750x1036_6618347.jpg","datePublished":"2020-03-10T13:31:13+00:00","dateModified":"2021-06-30T14:08:26+00:00","author":{"@id":"https:\/\/abspace.yves-rocher.com\/se\/#\/schema\/person\/0e0b9549e5675a6d05c0a7b0955fbffc"},"description":"L\u00e5t oss introducera dig f\u00f6r n\u00e5gra kvinnor som inspirerar oss med sina projekt.","breadcrumb":{"@id":"https:\/\/abspace.yves-rocher.com\/se\/sv\/portratt-av-5-inspirerande-kvinnor\/#breadcrumb"},"inLanguage":"sv-SE","potentialAction":[{"@type":"ReadAction","target":["https:\/\/abspace.yves-rocher.com\/se\/sv\/portratt-av-5-inspirerande-kvinnor\/"]}]},{"@type":"ImageObject","inLanguage":"sv-SE","@id":"https:\/\/abspace.yves-rocher.com\/se\/sv\/portratt-av-5-inspirerande-kvinnor\/#primaryimage","url":"https:\/\/abspace.yves-rocher.com\/se\/wp-content\/uploads\/sites\/12\/2019\/12\/2003_D_HP-AB-SPACE_Image1_750x1036_6618347.jpg","contentUrl":"https:\/\/abspace.yves-rocher.com\/se\/wp-content\/uploads\/sites\/12\/2019\/12\/2003_D_HP-AB-SPACE_Image1_750x1036_6618347.jpg","width":750,"height":1036},{"@type":"BreadcrumbList","@id":"https:\/\/abspace.yves-rocher.com\/se\/sv\/portratt-av-5-inspirerande-kvinnor\/#breadcrumb","itemListElement":[{"@type":"ListItem","position":1,"name":"Home","item":"https:\/\/abspace.yves-rocher.com\/se\/sv\/"},{"@type":"ListItem","position":2,"name":"Portr\u00e4tt av 5 inspirerande kvinnor"}]},{"@type":"WebSite","@id":"https:\/\/abspace.yves-rocher.com\/se\/#website","url":"https:\/\/abspace.yves-rocher.com\/se\/","name":"Sweden YR AB","description":"Just another Act Beautiful site","potentialAction":[{"@type":"SearchAction","target":{"@type":"EntryPoint","urlTemplate":"https:\/\/abspace.yves-rocher.com\/se\/?s={search_term_string}"},"query-input":{"@type":"PropertyValueSpecification","valueRequired":true,"valueName":"search_term_string"}}],"inLanguage":"sv-SE"},{"@type":"Person","@id":"https:\/\/abspace.yves-rocher.com\/se\/#\/schema\/person\/0e0b9549e5675a6d05c0a7b0955fbffc","name":"Claire Mazzella","image":{"@type":"ImageObject","inLanguage":"sv-SE","@id":"https:\/\/abspace.yves-rocher.com\/se\/#\/schema\/person\/image\/","url":"https:\/\/secure.gravatar.com\/avatar\/190d6b6e3ba3aa26c1ec41bf67910097?s=96&d=mm&r=g","contentUrl":"https:\/\/secure.gravatar.com\/avatar\/190d6b6e3ba3aa26c1ec41bf67910097?s=96&d=mm&r=g","caption":"Claire Mazzella"},"url":"https:\/\/abspace.yves-rocher.com\/se\/sv\/author\/clairemazella\/"}]}},"_links":{"self":[{"href":"https:\/\/abspace.yves-rocher.com\/se\/ws\/wp\/v2\/posts\/4571","targetHints":{"allow":["GET"]}}],"collection":[{"href":"https:\/\/abspace.yves-rocher.com\/se\/ws\/wp\/v2\/posts"}],"about":[{"href":"https:\/\/abspace.yves-rocher.com\/se\/ws\/wp\/v2\/types\/post"}],"author":[{"embeddable":true,"href":"https:\/\/abspace.yves-rocher.com\/se\/ws\/wp\/v2\/users\/397564"}],"replies":[{"embeddable":true,"href":"https:\/\/abspace.yves-rocher.com\/se\/ws\/wp\/v2\/comments?post=4571"}],"version-history":[{"count":4,"href":"https:\/\/abspace.yves-rocher.com\/se\/ws\/wp\/v2\/posts\/4571\/revisions"}],"predecessor-version":[{"id":5964,"href":"https:\/\/abspace.yves-rocher.com\/se\/ws\/wp\/v2\/posts\/4571\/revisions\/5964"}],"wp:featuredmedia":[{"embeddable":true,"href":"https:\/\/abspace.yves-rocher.com\/se\/ws\/wp\/v2\/media\/4577"}],"wp:attachment":[{"href":"https:\/\/abspace.yves-rocher.com\/se\/ws\/wp\/v2\/media?parent=4571"}],"wp:term":[{"taxonomy":"category","embeddable":true,"href":"https:\/\/abspace.yves-rocher.com\/se\/ws\/wp\/v2\/categories?post=4571"},{"taxonomy":"post_tag","embeddable":true,"href":"https:\/\/abspace.yves-rocher.com\/se\/ws\/wp\/v2\/tags?post=4571"}],"curies":[{"name":"wp","href":"https:\/\/api.w.org\/{rel}","templated":true}]}}