{"id":4691,"date":"2020-04-01T14:32:39","date_gmt":"2020-04-01T14:32:39","guid":{"rendered":"http:\/\/abspace.yves-rocher.com\/se\/?p=4691"},"modified":"2021-06-30T14:01:46","modified_gmt":"2021-06-30T14:01:46","slug":"hur-vardar-jag-min-kansliga-hy","status":"publish","type":"post","link":"https:\/\/abspace.yves-rocher.com\/se\/sv\/hur-vardar-jag-min-kansliga-hy\/","title":{"rendered":"Hur v\u00e5rdar jag min k\u00e4nsliga hy?"},"content":{"rendered":"<div id=\"pl-4691\"  class=\"panel-layout\" ><div id=\"pg-4691-0\"  class=\"panel-grid panel-no-style\" ><div id=\"pgc-4691-0-0\"  class=\"panel-grid-cell\" >            <div class=\"textWidget header-description \">\r\n                <p>Att minska k\u00e4nsligheten i din hud \u00e4r inte alls en om\u00f6jlighet. Ta del av v\u00e5ra tips p\u00e5 hur du underh\u00e5ller k\u00e4nslig hud med hj\u00e4lp av v\u00e5r senaste lansering inom hudv\u00e5rd : Sensitive Chamomile. <\/p>\r\n            <\/div>\r\n    <\/div><\/div><div id=\"pg-4691-1\"  class=\"panel-grid panel-no-style\" ><div id=\"pgc-4691-1-0\"  class=\"panel-grid-cell\" ><div id=\"panel-4691-1-0-0\" class=\"so-panel widget widget_sow-editor panel-first-child panel-last-child\" data-index=\"1\" ><div\n\t\t\t\n\t\t\tclass=\"so-widget-sow-editor so-widget-sow-editor-base\"\n\t\t\t\n\t\t>\n<div class=\"siteorigin-widget-tinymce textwidget\">\n\t<h2>Hur v\u00e5rdar jag min k\u00e4nsliga hy?<\/h2>\n<p>Kl\u00e5da, r\u00f6da partier och stramande k\u00e4nsla i huden \u00e4r typiska tecken f\u00f6r k\u00e4nslig hud som kan komma att skapa obehag f\u00f6r oss torrisar.<span class=\"Apple-converted-space\">\u00a0<\/span><\/p>\n<p>Din hud kan vara <strong>extra k\u00e4nslig i sin natur<\/strong> men faktorer s\u00e5 som <strong>klimatf\u00f6r\u00e4ndringar, f\u00f6roreningar, hormonella f\u00f6r\u00e4ndringar<\/strong> <strong>och anv\u00e4ndning av fel sk\u00f6nhetsprodukter p\u00e5verkar \u00e4ven hudens barri\u00e4r.<\/strong><\/p>\n<p>Vi tycker att din k\u00e4nsliga hud f\u00f6rtj\u00e4nar produkter som \u00e4r anpassade efter dess behov och som kan g\u00f6ra den mer resistent mot de yttre p\u00e5verkande faktorerna.<\/p>\n<p>Hur uth\u00e5llig du \u00e4n \u00e4r kring din k\u00e4nsliga hud s\u00e5 f\u00f6rtj\u00e4nar den att vi ompysslad med hudv\u00e5rd anpassad efter behoven.<\/p>\n<\/div>\n<\/div><\/div><\/div><div id=\"pgc-4691-1-1\"  class=\"panel-grid-cell\" ><div id=\"panel-4691-1-1-0\" class=\"so-panel widget widget_sow-image panel-first-child panel-last-child\" data-index=\"2\" ><div\n\t\t\t\n\t\t\tclass=\"so-widget-sow-image so-widget-sow-image-default-8b5b6f678277-4691\"\n\t\t\t\n\t\t>\r\n\r\n\r\n<div class=\"sow-image-container\">\r\n    \r\n    <img loading=\"lazy\" decoding=\"async\" src=\"https:\/\/abspace.yves-rocher.com\/se\/wp-content\/uploads\/sites\/12\/2020\/01\/2004_peau_sensible_image1_1100x652_6287052.jpg\" width=\"1100\" height=\"652\" srcset=\"\" title=\"2004_peau_sensible_image1_1100x652\"          class=\"so-widget-image\" \/>\r\n\r\n    \r\n    \r\n    <\/div>\r\n\r\n<\/div><\/div><\/div><\/div><div id=\"pg-4691-2\"  class=\"panel-grid panel-no-style\" ><div id=\"pgc-4691-2-0\"  class=\"panel-grid-cell\" ><div id=\"panel-4691-2-0-0\" class=\"so-panel widget widget_sow-image panel-first-child panel-last-child\" data-index=\"3\" ><div\n\t\t\t\n\t\t\tclass=\"so-widget-sow-image so-widget-sow-image-default-8b5b6f678277-4691\"\n\t\t\t\n\t\t>\r\n\r\n\r\n<div class=\"sow-image-container\">\r\n    \r\n    <img loading=\"lazy\" decoding=\"async\" src=\"https:\/\/abspace.yves-rocher.com\/se\/wp-content\/uploads\/sites\/12\/2020\/01\/2004_peau_sensible_image2_1100x652_8424892.jpg\" width=\"1100\" height=\"652\" srcset=\"\" title=\"2004_peau_sensible_image2_1100x652\"          class=\"so-widget-image\" \/>\r\n\r\n    \r\n    \r\n    <\/div>\r\n\r\n<\/div><\/div><\/div><div id=\"pgc-4691-2-1\"  class=\"panel-grid-cell\" ><div id=\"panel-4691-2-1-0\" class=\"so-panel widget widget_sow-editor panel-first-child panel-last-child\" data-index=\"4\" ><div\n\t\t\t\n\t\t\tclass=\"so-widget-sow-editor so-widget-sow-editor-base\"\n\t\t\t\n\t\t>\n<div class=\"siteorigin-widget-tinymce textwidget\">\n\t<h2><b>L\u00e5t oss st\u00e4rka k\u00e4nslig hud<\/b><\/h2>\n<p><strong>F\u00f6r att ge din k\u00e4nsliga hud allt det kan t\u00e4nkas beh\u00f6va<\/strong> rekommenderar vi v\u00e5r linje <a href=\"https:\/\/www.yves-rocher.se\/sensitive-camomille\/c\/SC\">Sensitive Chamomille<\/a>.<\/p>\n<p>Hudv\u00e5rdsserien som g\u00f6r att du inte l\u00e4ngre beh\u00f6ver dras med k\u00e4nslig hud, karakteriseras av 100% plant-baserade aktiva ingredienser som <strong>Vild Kamomill, hydrosol och oleat<\/strong>. Det h\u00e4r dubbla koncentratet \u00e4r framtaget f\u00f6r att v\u00e5rda k\u00e4nslig hud p\u00e5 ett naturligt och behagligt s\u00e4tt. Hydrosolen <strong>reducerar hudens k\u00e4nslighet med 28%<\/strong> och oleat <strong>boostar hudens f\u00f6rsvar med 25%<\/strong> <strong>och f\u00f6rb\u00e4ttras hudens reparationsmekanism med 30%.<\/strong><span class=\"Apple-converted-space\">\u00a0<\/span><\/p>\n<p>V\u00e5r linje inneh\u00e5ller mer \u00e4n 97% naturliga ingredienser och vi har <strong>uteslutit silikoner, alkohol, doft\u00e4mnen och mineralolja f\u00f6r att garantera en h\u00f6g bekv\u00e4mlighetsfaktor.<\/strong><span class=\"Apple-converted-space\">\u00a0<\/span><\/p>\n<\/div>\n<\/div><\/div><\/div><\/div><div id=\"pg-4691-3\"  class=\"panel-grid panel-no-style\" ><div id=\"pgc-4691-3-0\"  class=\"panel-grid-cell\" ><div id=\"panel-4691-3-0-0\" class=\"so-panel widget widget_sow-editor panel-first-child panel-last-child\" data-index=\"5\" ><div\n\t\t\t\n\t\t\tclass=\"so-widget-sow-editor so-widget-sow-editor-base\"\n\t\t\t\n\t\t>\n<div class=\"siteorigin-widget-tinymce textwidget\">\n\t<h2><b>Omfamna Kamomill i din sk\u00f6nhetsrutin<\/b><\/h2>\n<p><em>1.\u00a0Den reng\u00f6r skonsamt<\/em><\/p>\n<p>Starta din rutin med <b>Cleansing Cream<\/b>. Den reng\u00f6r huden skonsamt och effektivt utan att torka ut huden. Massera in produkten p\u00e5 torr hud, \u00f6gon och l\u00e4ppar med hj\u00e4lp av dina fingertoppar och sk\u00f6lj sedan av.<\/p>\n<p>F\u00f6r att <strong>avl\u00e4gsna envis makeup (\u00e4ven vattenfast)<\/strong> kan du anv\u00e4nda dig av <b>Cleansing Oil<\/b> som har en behaglig konsistens och v\u00e5rdande egenskaper. F\u00f6r en ordentlig djupreng\u00f6ring rekommenderar vi att massera in oljan ordentligt p\u00e5 torr hud, f\u00f6r att sedan tills\u00e4tta vatten och forts\u00e4tta massera produkten innan du sk\u00f6ljer av.<\/p>\n<p>Om du f\u00f6redrar att anv\u00e4nda dig av en bomullsrondell kan du anv\u00e4nda dig av <b>Micellar Water<\/b> f\u00f6r att reng\u00f6ra och avl\u00e4gsna smink och orenheter med ett enda svep. Den h\u00e4r produkten finns tillg\u00e4nglig i b\u00e5de 200 ml och 400 ml.<span class=\"Apple-converted-space\">\u00a0<\/span><\/p>\n<p><em>Anpassa hudv\u00e5rden efter din hudtyp<\/em><\/p>\n<ul>\n<li>F\u00f6r torr men k\u00e4nslig hud:<\/li>\n<\/ul>\n<p>Tack vare <b>Nourishing Comfort Balm<\/b> s\u00e5 kan du h\u00e5lla din hud <strong>n\u00f6jd och v\u00e5rda<\/strong> den med massor av fukt. Den sammetslena texturen l\u00e4mnar din hud med en\u00a0<strong>behaglig finish<\/strong>.\u00a0<\/p>\n<\/div>\n<\/div><\/div><\/div><div id=\"pgc-4691-3-1\"  class=\"panel-grid-cell\" ><div id=\"panel-4691-3-1-0\" class=\"so-panel widget widget_sow-image panel-first-child panel-last-child\" data-index=\"6\" ><div\n\t\t\t\n\t\t\tclass=\"so-widget-sow-image so-widget-sow-image-default-8b5b6f678277-4691\"\n\t\t\t\n\t\t>\r\n\r\n\r\n<div class=\"sow-image-container\">\r\n    \r\n    <img loading=\"lazy\" decoding=\"async\" src=\"https:\/\/abspace.yves-rocher.com\/se\/wp-content\/uploads\/sites\/12\/2020\/01\/2004_peau_sensible_image3_1100x652_4593561.jpg\" width=\"1100\" height=\"652\" srcset=\"\" title=\"2004_peau_sensible_image3_1100x652\"          class=\"so-widget-image\" \/>\r\n\r\n    \r\n    \r\n    <\/div>\r\n\r\n<\/div><\/div><\/div><\/div><div id=\"pg-4691-4\"  class=\"panel-grid panel-no-style\" ><div id=\"pgc-4691-4-0\"  class=\"panel-grid-cell\" ><div id=\"panel-4691-4-0-0\" class=\"so-panel widget widget_sow-image panel-first-child panel-last-child\" data-index=\"7\" ><div\n\t\t\t\n\t\t\tclass=\"so-widget-sow-image so-widget-sow-image-default-8b5b6f678277-4691\"\n\t\t\t\n\t\t>\r\n\r\n\r\n<div class=\"sow-image-container\">\r\n    \r\n    <img loading=\"lazy\" decoding=\"async\" src=\"https:\/\/abspace.yves-rocher.com\/se\/wp-content\/uploads\/sites\/12\/2020\/01\/2004_peau_sensible_image4_1100x652-1.jpg\" width=\"1100\" height=\"652\" srcset=\"\" title=\"2004_peau_sensible_image4_1100x652\"          class=\"so-widget-image\" \/>\r\n\r\n    \r\n    \r\n    <\/div>\r\n\r\n<\/div><\/div><\/div><div id=\"pgc-4691-4-1\"  class=\"panel-grid-cell\" ><div id=\"panel-4691-4-1-0\" class=\"so-panel widget widget_sow-editor panel-first-child panel-last-child\" data-index=\"8\" ><div\n\t\t\t\n\t\t\tclass=\"so-widget-sow-editor so-widget-sow-editor-base\"\n\t\t\t\n\t\t>\n<div class=\"siteorigin-widget-tinymce textwidget\">\n\t<ul>\n<li>F\u00f6r normal men k\u00e4nslig hud:<\/li>\n<\/ul>\n<p>Tillf\u00f6r <a href=\"https:\/\/www.yves-rocher.se\/ansiktsvard\/produkttyp\/dagkram-bb-cream\/latt-dagkram-aterfuktande-kanslig-hud-rodnad\/p\/58833\"><b>Soothing Light Cream<\/b><\/a> till din dag- och nattrutin f\u00f6r att bli av med r\u00f6da partier och stramande hud. Efter en m\u00e5nad upplever du att huden k\u00e4nns starkare och mindre reaktiv.<\/p>\n<p>Produkten g\u00e5r <strong>snabbt in i huden<\/strong> och du kommer dessutom att njuta av den naturliga och lugnande doften av kamomill.<\/p>\n<ol start=\"3\">\n<li>\n<p>Ifall din hud fortfarande \u00e4r r\u00f6d<\/p>\n<\/li>\n<\/ol>\n<p>Ta dig hj\u00e4lp av \u00e5terfuktande <a href=\"https:\/\/www.yves-rocher.se\/ansiktsvard\/produkttyp\/dagkram-bb-cream\/dagkram-utjamnande-neutraliserar-rodnad-kanslig-hud\/p\/60231\"><b>Corrective Green Cream<\/b> <\/a>som <strong>reducerar r\u00f6da partier tack vare den gr\u00f6na f\u00e4rgen<\/strong>. Du kan sj\u00e4lv v\u00e4lja om du vill applicera kr\u00e4men om morgonen \u00f6ver hela ansiktet eller enbart <strong>runt de r\u00f6da partierna<\/strong> ovanp\u00e5 din vanliga dagkr\u00e4m.<span class=\"Apple-converted-space\">\u00a0<\/span><\/p>\n<p>Det var det hela!<span class=\"Apple-converted-space\">\u00a0<\/span><\/p>\n<\/div>\n<\/div><\/div><\/div><\/div><div id=\"pg-4691-5\"  class=\"panel-grid panel-no-style\" ><div id=\"pgc-4691-5-0\"  class=\"panel-grid-cell\" ><div id=\"panel-4691-5-0-0\" class=\"so-panel widget panel-first-child panel-last-child\" data-index=\"9\" ><\/div><\/div><\/div><\/div>","protected":false},"excerpt":{"rendered":"<p>M\u00f6t Sensitive Chamomile, v\u00e5r nya linje f\u00f6r k\u00e4nslig hud!<\/p>\n","protected":false},"author":397564,"featured_media":4697,"comment_status":"open","ping_status":"open","sticky":false,"template":"","format":"standard","meta":{"_acf_changed":false,"_exactmetrics_skip_tracking":false,"_exactmetrics_sitenote_active":false,"_exactmetrics_sitenote_note":"","_exactmetrics_sitenote_category":0,"footnotes":""},"categories":[1],"tags":[259],"class_list":["post-4691","post","type-post","status-publish","format-standard","has-post-thumbnail","hentry","category-uncategorized","tag-hudvard"],"acf":[],"yoast_head":"<!-- This site is optimized with the Yoast SEO plugin v24.7 - https:\/\/yoast.com\/wordpress\/plugins\/seo\/ -->\n<title>Act Beautiful - Hur v\u00e5rdar jag min k\u00e4nsliga hy? - Yves Rocher<\/title>\n<meta name=\"description\" content=\"M\u00f6t Sensitive Chamomile, v\u00e5r nya linje f\u00f6r k\u00e4nslig hud!\" \/>\n<meta name=\"robots\" content=\"index, follow, max-snippet:-1, max-image-preview:large, max-video-preview:-1\" \/>\n<link rel=\"canonical\" href=\"https:\/\/abspace.yves-rocher.com\/se\/sv\/hur-vardar-jag-min-kansliga-hy\/\" \/>\n<meta property=\"og:locale\" content=\"sv_SE\" \/>\n<meta property=\"og:type\" content=\"article\" \/>\n<meta property=\"og:title\" content=\"Act Beautiful - Hur v\u00e5rdar jag min k\u00e4nsliga hy? - Yves Rocher\" \/>\n<meta property=\"og:description\" content=\"M\u00f6t Sensitive Chamomile, v\u00e5r nya linje f\u00f6r k\u00e4nslig hud!\" \/>\n<meta property=\"og:url\" content=\"https:\/\/abspace.yves-rocher.com\/se\/sv\/hur-vardar-jag-min-kansliga-hy\/\" \/>\n<meta property=\"og:site_name\" content=\"Sweden YR AB\" \/>\n<meta property=\"article:published_time\" content=\"2020-04-01T14:32:39+00:00\" \/>\n<meta property=\"article:modified_time\" content=\"2021-06-30T14:01:46+00:00\" \/>\n<meta property=\"og:image\" content=\"https:\/\/abspace.yves-rocher.com\/se\/wp-content\/uploads\/sites\/12\/2020\/01\/2003_D_HP-AB-SPACE_Image1_750x1036-1_8728704.jpg\" \/>\n\t<meta property=\"og:image:width\" content=\"750\" \/>\n\t<meta property=\"og:image:height\" content=\"1036\" \/>\n\t<meta property=\"og:image:type\" content=\"image\/jpeg\" \/>\n<meta name=\"author\" content=\"Claire Mazzella\" \/>\n<meta name=\"twitter:card\" content=\"summary_large_image\" \/>\n<meta name=\"twitter:label1\" content=\"Written by\" \/>\n\t<meta name=\"twitter:data1\" content=\"Claire Mazzella\" \/>\n\t<meta name=\"twitter:label2\" content=\"Est. reading time\" \/>\n\t<meta name=\"twitter:data2\" content=\"3 minutes\" \/>\n<script type=\"application\/ld+json\" class=\"yoast-schema-graph\">{\"@context\":\"https:\/\/schema.org\",\"@graph\":[{\"@type\":\"WebPage\",\"@id\":\"https:\/\/abspace.yves-rocher.com\/se\/sv\/hur-vardar-jag-min-kansliga-hy\/\",\"url\":\"https:\/\/abspace.yves-rocher.com\/se\/sv\/hur-vardar-jag-min-kansliga-hy\/\",\"name\":\"Act Beautiful - Hur v\u00e5rdar jag min k\u00e4nsliga hy? - Yves Rocher\",\"isPartOf\":{\"@id\":\"https:\/\/abspace.yves-rocher.com\/se\/#website\"},\"primaryImageOfPage\":{\"@id\":\"https:\/\/abspace.yves-rocher.com\/se\/sv\/hur-vardar-jag-min-kansliga-hy\/#primaryimage\"},\"image\":{\"@id\":\"https:\/\/abspace.yves-rocher.com\/se\/sv\/hur-vardar-jag-min-kansliga-hy\/#primaryimage\"},\"thumbnailUrl\":\"https:\/\/abspace.yves-rocher.com\/se\/wp-content\/uploads\/sites\/12\/2020\/01\/2003_D_HP-AB-SPACE_Image1_750x1036-1_8728704.jpg\",\"datePublished\":\"2020-04-01T14:32:39+00:00\",\"dateModified\":\"2021-06-30T14:01:46+00:00\",\"author\":{\"@id\":\"https:\/\/abspace.yves-rocher.com\/se\/#\/schema\/person\/0e0b9549e5675a6d05c0a7b0955fbffc\"},\"description\":\"M\u00f6t Sensitive Chamomile, v\u00e5r nya linje f\u00f6r k\u00e4nslig hud!\",\"breadcrumb\":{\"@id\":\"https:\/\/abspace.yves-rocher.com\/se\/sv\/hur-vardar-jag-min-kansliga-hy\/#breadcrumb\"},\"inLanguage\":\"sv-SE\",\"potentialAction\":[{\"@type\":\"ReadAction\",\"target\":[\"https:\/\/abspace.yves-rocher.com\/se\/sv\/hur-vardar-jag-min-kansliga-hy\/\"]}]},{\"@type\":\"ImageObject\",\"inLanguage\":\"sv-SE\",\"@id\":\"https:\/\/abspace.yves-rocher.com\/se\/sv\/hur-vardar-jag-min-kansliga-hy\/#primaryimage\",\"url\":\"https:\/\/abspace.yves-rocher.com\/se\/wp-content\/uploads\/sites\/12\/2020\/01\/2003_D_HP-AB-SPACE_Image1_750x1036-1_8728704.jpg\",\"contentUrl\":\"https:\/\/abspace.yves-rocher.com\/se\/wp-content\/uploads\/sites\/12\/2020\/01\/2003_D_HP-AB-SPACE_Image1_750x1036-1_8728704.jpg\",\"width\":750,\"height\":1036},{\"@type\":\"BreadcrumbList\",\"@id\":\"https:\/\/abspace.yves-rocher.com\/se\/sv\/hur-vardar-jag-min-kansliga-hy\/#breadcrumb\",\"itemListElement\":[{\"@type\":\"ListItem\",\"position\":1,\"name\":\"Home\",\"item\":\"https:\/\/abspace.yves-rocher.com\/se\/sv\/\"},{\"@type\":\"ListItem\",\"position\":2,\"name\":\"Hur v\u00e5rdar jag min k\u00e4nsliga hy?\"}]},{\"@type\":\"WebSite\",\"@id\":\"https:\/\/abspace.yves-rocher.com\/se\/#website\",\"url\":\"https:\/\/abspace.yves-rocher.com\/se\/\",\"name\":\"Sweden YR AB\",\"description\":\"Just another Act Beautiful site\",\"potentialAction\":[{\"@type\":\"SearchAction\",\"target\":{\"@type\":\"EntryPoint\",\"urlTemplate\":\"https:\/\/abspace.yves-rocher.com\/se\/?s={search_term_string}\"},\"query-input\":{\"@type\":\"PropertyValueSpecification\",\"valueRequired\":true,\"valueName\":\"search_term_string\"}}],\"inLanguage\":\"sv-SE\"},{\"@type\":\"Person\",\"@id\":\"https:\/\/abspace.yves-rocher.com\/se\/#\/schema\/person\/0e0b9549e5675a6d05c0a7b0955fbffc\",\"name\":\"Claire Mazzella\",\"image\":{\"@type\":\"ImageObject\",\"inLanguage\":\"sv-SE\",\"@id\":\"https:\/\/abspace.yves-rocher.com\/se\/#\/schema\/person\/image\/\",\"url\":\"https:\/\/secure.gravatar.com\/avatar\/190d6b6e3ba3aa26c1ec41bf67910097?s=96&d=mm&r=g\",\"contentUrl\":\"https:\/\/secure.gravatar.com\/avatar\/190d6b6e3ba3aa26c1ec41bf67910097?s=96&d=mm&r=g\",\"caption\":\"Claire Mazzella\"},\"url\":\"https:\/\/abspace.yves-rocher.com\/se\/sv\/author\/clairemazella\/\"}]}<\/script>\n<!-- \/ Yoast SEO plugin. -->","yoast_head_json":{"title":"Act Beautiful - Hur v\u00e5rdar jag min k\u00e4nsliga hy? - Yves Rocher","description":"M\u00f6t Sensitive Chamomile, v\u00e5r nya linje f\u00f6r k\u00e4nslig hud!","robots":{"index":"index","follow":"follow","max-snippet":"max-snippet:-1","max-image-preview":"max-image-preview:large","max-video-preview":"max-video-preview:-1"},"canonical":"https:\/\/abspace.yves-rocher.com\/se\/sv\/hur-vardar-jag-min-kansliga-hy\/","og_locale":"sv_SE","og_type":"article","og_title":"Act Beautiful - Hur v\u00e5rdar jag min k\u00e4nsliga hy? - Yves Rocher","og_description":"M\u00f6t Sensitive Chamomile, v\u00e5r nya linje f\u00f6r k\u00e4nslig hud!","og_url":"https:\/\/abspace.yves-rocher.com\/se\/sv\/hur-vardar-jag-min-kansliga-hy\/","og_site_name":"Sweden YR AB","article_published_time":"2020-04-01T14:32:39+00:00","article_modified_time":"2021-06-30T14:01:46+00:00","og_image":[{"width":750,"height":1036,"url":"https:\/\/abspace.yves-rocher.com\/se\/wp-content\/uploads\/sites\/12\/2020\/01\/2003_D_HP-AB-SPACE_Image1_750x1036-1_8728704.jpg","type":"image\/jpeg"}],"author":"Claire Mazzella","twitter_card":"summary_large_image","twitter_misc":{"Written by":"Claire Mazzella","Est. reading time":"3 minutes"},"schema":{"@context":"https:\/\/schema.org","@graph":[{"@type":"WebPage","@id":"https:\/\/abspace.yves-rocher.com\/se\/sv\/hur-vardar-jag-min-kansliga-hy\/","url":"https:\/\/abspace.yves-rocher.com\/se\/sv\/hur-vardar-jag-min-kansliga-hy\/","name":"Act Beautiful - Hur v\u00e5rdar jag min k\u00e4nsliga hy? - Yves Rocher","isPartOf":{"@id":"https:\/\/abspace.yves-rocher.com\/se\/#website"},"primaryImageOfPage":{"@id":"https:\/\/abspace.yves-rocher.com\/se\/sv\/hur-vardar-jag-min-kansliga-hy\/#primaryimage"},"image":{"@id":"https:\/\/abspace.yves-rocher.com\/se\/sv\/hur-vardar-jag-min-kansliga-hy\/#primaryimage"},"thumbnailUrl":"https:\/\/abspace.yves-rocher.com\/se\/wp-content\/uploads\/sites\/12\/2020\/01\/2003_D_HP-AB-SPACE_Image1_750x1036-1_8728704.jpg","datePublished":"2020-04-01T14:32:39+00:00","dateModified":"2021-06-30T14:01:46+00:00","author":{"@id":"https:\/\/abspace.yves-rocher.com\/se\/#\/schema\/person\/0e0b9549e5675a6d05c0a7b0955fbffc"},"description":"M\u00f6t Sensitive Chamomile, v\u00e5r nya linje f\u00f6r k\u00e4nslig hud!","breadcrumb":{"@id":"https:\/\/abspace.yves-rocher.com\/se\/sv\/hur-vardar-jag-min-kansliga-hy\/#breadcrumb"},"inLanguage":"sv-SE","potentialAction":[{"@type":"ReadAction","target":["https:\/\/abspace.yves-rocher.com\/se\/sv\/hur-vardar-jag-min-kansliga-hy\/"]}]},{"@type":"ImageObject","inLanguage":"sv-SE","@id":"https:\/\/abspace.yves-rocher.com\/se\/sv\/hur-vardar-jag-min-kansliga-hy\/#primaryimage","url":"https:\/\/abspace.yves-rocher.com\/se\/wp-content\/uploads\/sites\/12\/2020\/01\/2003_D_HP-AB-SPACE_Image1_750x1036-1_8728704.jpg","contentUrl":"https:\/\/abspace.yves-rocher.com\/se\/wp-content\/uploads\/sites\/12\/2020\/01\/2003_D_HP-AB-SPACE_Image1_750x1036-1_8728704.jpg","width":750,"height":1036},{"@type":"BreadcrumbList","@id":"https:\/\/abspace.yves-rocher.com\/se\/sv\/hur-vardar-jag-min-kansliga-hy\/#breadcrumb","itemListElement":[{"@type":"ListItem","position":1,"name":"Home","item":"https:\/\/abspace.yves-rocher.com\/se\/sv\/"},{"@type":"ListItem","position":2,"name":"Hur v\u00e5rdar jag min k\u00e4nsliga hy?"}]},{"@type":"WebSite","@id":"https:\/\/abspace.yves-rocher.com\/se\/#website","url":"https:\/\/abspace.yves-rocher.com\/se\/","name":"Sweden YR AB","description":"Just another Act Beautiful site","potentialAction":[{"@type":"SearchAction","target":{"@type":"EntryPoint","urlTemplate":"https:\/\/abspace.yves-rocher.com\/se\/?s={search_term_string}"},"query-input":{"@type":"PropertyValueSpecification","valueRequired":true,"valueName":"search_term_string"}}],"inLanguage":"sv-SE"},{"@type":"Person","@id":"https:\/\/abspace.yves-rocher.com\/se\/#\/schema\/person\/0e0b9549e5675a6d05c0a7b0955fbffc","name":"Claire Mazzella","image":{"@type":"ImageObject","inLanguage":"sv-SE","@id":"https:\/\/abspace.yves-rocher.com\/se\/#\/schema\/person\/image\/","url":"https:\/\/secure.gravatar.com\/avatar\/190d6b6e3ba3aa26c1ec41bf67910097?s=96&d=mm&r=g","contentUrl":"https:\/\/secure.gravatar.com\/avatar\/190d6b6e3ba3aa26c1ec41bf67910097?s=96&d=mm&r=g","caption":"Claire Mazzella"},"url":"https:\/\/abspace.yves-rocher.com\/se\/sv\/author\/clairemazella\/"}]}},"_links":{"self":[{"href":"https:\/\/abspace.yves-rocher.com\/se\/ws\/wp\/v2\/posts\/4691","targetHints":{"allow":["GET"]}}],"collection":[{"href":"https:\/\/abspace.yves-rocher.com\/se\/ws\/wp\/v2\/posts"}],"about":[{"href":"https:\/\/abspace.yves-rocher.com\/se\/ws\/wp\/v2\/types\/post"}],"author":[{"embeddable":true,"href":"https:\/\/abspace.yves-rocher.com\/se\/ws\/wp\/v2\/users\/397564"}],"replies":[{"embeddable":true,"href":"https:\/\/abspace.yves-rocher.com\/se\/ws\/wp\/v2\/comments?post=4691"}],"version-history":[{"count":5,"href":"https:\/\/abspace.yves-rocher.com\/se\/ws\/wp\/v2\/posts\/4691\/revisions"}],"predecessor-version":[{"id":5842,"href":"https:\/\/abspace.yves-rocher.com\/se\/ws\/wp\/v2\/posts\/4691\/revisions\/5842"}],"wp:featuredmedia":[{"embeddable":true,"href":"https:\/\/abspace.yves-rocher.com\/se\/ws\/wp\/v2\/media\/4697"}],"wp:attachment":[{"href":"https:\/\/abspace.yves-rocher.com\/se\/ws\/wp\/v2\/media?parent=4691"}],"wp:term":[{"taxonomy":"category","embeddable":true,"href":"https:\/\/abspace.yves-rocher.com\/se\/ws\/wp\/v2\/categories?post=4691"},{"taxonomy":"post_tag","embeddable":true,"href":"https:\/\/abspace.yves-rocher.com\/se\/ws\/wp\/v2\/tags?post=4691"}],"curies":[{"name":"wp","href":"https:\/\/api.w.org\/{rel}","templated":true}]}}