{"id":4699,"date":"2020-04-01T18:30:04","date_gmt":"2020-04-01T18:30:04","guid":{"rendered":"http:\/\/abspace.yves-rocher.com\/se\/?p=4699"},"modified":"2021-06-30T14:00:52","modified_gmt":"2021-06-30T14:00:52","slug":"vild-kamomill","status":"publish","type":"post","link":"https:\/\/abspace.yves-rocher.com\/se\/sv\/vild-kamomill\/","title":{"rendered":"Vild Kamomill"},"content":{"rendered":"<div id=\"pl-4699\"  class=\"panel-layout\" ><div id=\"pg-4699-0\"  class=\"panel-grid panel-no-style\" ><div id=\"pgc-4699-0-0\"  class=\"panel-grid-cell\" >            <div class=\"textWidget header-description \">\r\n                <p>Vild Kamomill, \u00e4ven k\u00e4nd som tysk kamomill \u00e4r Yves Rochers nyckelingrediens. L\u00e5t oss presentera denna eminenta blomma med flertal egenskaper som vi odlar i La Gacilly.<\/p>\r\n            <\/div>\r\n    <\/div><\/div><div id=\"pg-4699-1\"  class=\"panel-grid panel-no-style\" ><div id=\"pgc-4699-1-0\"  class=\"panel-grid-cell\" ><div id=\"panel-4699-1-0-0\" class=\"so-panel widget widget_sow-editor panel-first-child panel-last-child\" data-index=\"1\" ><div\n\t\t\t\n\t\t\tclass=\"so-widget-sow-editor so-widget-sow-editor-base\"\n\t\t\t\n\t\t>\n<div class=\"siteorigin-widget-tinymce textwidget\">\n\t<h2 class=\"title_header brown_0 color\" style=\"text-align: center\">BOTANISK FAKTA<\/h2>\n<p class=\"title_info_title brown_0 color\"><strong>LAINSKT NAMN<\/strong><\/p>\n<p>Matricaria recutita eller Chamomilla recutita<\/p>\n<p class=\"title_info_title brown_0 color\"><b>BEN\u00c4MNING<\/b><\/p>\n<p>Tysk Kamomill, Matricaria Chamomile<\/p>\n<p class=\"brown_0 color\"><span class=\"title_info_title\"><strong>FAMILJ<\/strong><br \/><\/span><br \/>Asteraceae<\/p>\n<p class=\"brown_0 color\"><span class=\"title_info_title\"><strong>URSPRUNG<\/strong><br \/><\/span><\/p>\n<p>Europa, Asien, Nordafrika<span class=\"Apple-converted-space\">\u00a0<\/span><\/p>\n<\/div>\n<\/div><\/div><\/div><div id=\"pgc-4699-1-1\"  class=\"panel-grid-cell\" ><div id=\"panel-4699-1-1-0\" class=\"so-panel widget widget_sow-image panel-first-child panel-last-child\" data-index=\"2\" ><div\n\t\t\t\n\t\t\tclass=\"so-widget-sow-image so-widget-sow-image-default-8b5b6f678277-4699\"\n\t\t\t\n\t\t>\r\n\r\n\r\n<div class=\"sow-image-container\">\r\n    \r\n    <img loading=\"lazy\" decoding=\"async\" src=\"https:\/\/abspace.yves-rocher.com\/se\/wp-content\/uploads\/sites\/12\/2020\/01\/2004_camomille-sauvage_image1_1100x652.jpg\" width=\"1100\" height=\"652\" srcset=\"\"          class=\"so-widget-image\" \/>\r\n\r\n    \r\n    \r\n    <\/div>\r\n\r\n<\/div><\/div><\/div><\/div><div id=\"pg-4699-2\"  class=\"panel-grid panel-no-style\" ><div id=\"pgc-4699-2-0\"  class=\"panel-grid-cell\" ><div id=\"panel-4699-2-0-0\" class=\"so-panel widget widget_sow-image panel-first-child panel-last-child\" data-index=\"3\" ><div\n\t\t\t\n\t\t\tclass=\"so-widget-sow-image so-widget-sow-image-default-8b5b6f678277-4699\"\n\t\t\t\n\t\t>\r\n\r\n\r\n<div class=\"sow-image-container\">\r\n    \r\n    <img loading=\"lazy\" decoding=\"async\" src=\"https:\/\/abspace.yves-rocher.com\/se\/wp-content\/uploads\/sites\/12\/2020\/01\/2004_camomille-sauvage_image2_1100x652.jpg\" width=\"1100\" height=\"652\" srcset=\"\"          class=\"so-widget-image\" \/>\r\n\r\n    \r\n    \r\n    <\/div>\r\n\r\n<\/div><\/div><\/div><div id=\"pgc-4699-2-1\"  class=\"panel-grid-cell\" ><div id=\"panel-4699-2-1-0\" class=\"so-panel widget widget_sow-editor panel-first-child panel-last-child\" data-index=\"4\" ><div\n\t\t\t\n\t\t\tclass=\"so-widget-sow-editor so-widget-sow-editor-base\"\n\t\t\t\n\t\t>\n<div class=\"siteorigin-widget-tinymce textwidget\">\n\t<p style=\"text-align: center\"><b>EN GENIAL PLANTA<\/b><\/p>\n<p><strong>Vild Kamomill<\/strong> \u00e4r ett framg\u00e5ngsrikt exempel p\u00e5 hur evolutionen fungerar. Tack var den karakteristiska gr\u00f6na och fruktiga doften har den egenskapen att beskydda sig fr\u00e5n v\u00e4xt\u00e4tare men attrahera pollinerande insekter.<\/p>\n<p>Och den h\u00e4r plantan \u00e4r h\u00e4r f\u00f6r att stanna! Blommorna, \u00e4ven k\u00e4nda som capitula best\u00e5r i sj\u00e4lva verket av flertal sm\u00e5blommor som kallas f\u00f6r florets. De sm\u00e5 hon-versionerna av florets representerar den yttre delen av blomman, medan den inre delen \u00e4r hermafroditiska. Detta fr\u00e4mjar pollinering f\u00f6r insekter som h\u00e4mtar pollen fr\u00e5n andra blommor, skapar rum f\u00f6r generisk variation och en b\u00e4ttre chans f\u00f6r blomman att \u00f6verleva.<\/p>\n<\/div>\n<\/div><\/div><\/div><\/div><div id=\"pg-4699-3\"  class=\"panel-grid panel-no-style\" ><div id=\"pgc-4699-3-0\"  class=\"panel-grid-cell\" ><div id=\"panel-4699-3-0-0\" class=\"so-panel widget widget_sow-editor panel-first-child panel-last-child\" data-index=\"5\" ><div\n\t\t\t\n\t\t\tclass=\"so-widget-sow-editor so-widget-sow-editor-base\"\n\t\t\t\n\t\t>\n<div class=\"siteorigin-widget-tinymce textwidget\">\n\t<h3 class=\"color title_header\" style=\"text-align: center\">V\u00c5R PLANTAS URSPRUNG<\/h3>\n<p>Vi har odlat <strong>Vild Kamomill i La Gacilly sedan 1979<\/strong>. Det var i sj\u00e4lva taget en av de <strong>f\u00f6rsta plantorna<\/strong> som vi b\u00f6rjade att arbeta med.<\/p>\n<p>Denna <strong>nyckelingrediens<\/strong> f\u00f6r Yves Rocher planteras under h\u00f6sten och <strong>sk\u00f6rdas mekaniskt under maj<\/strong>.<span class=\"Apple-converted-space\">\u00a0<\/span><\/p>\n<p>Vild Kamomill v\u00e4xer enligt <strong>agroekologiska principer<\/strong>, precis som vilken annan symbolisk planta fr\u00e5n La Gacilly. Detta inneb\u00e4r respekt, bidrar till en f\u00f6rb\u00e4ttrad biologisk m\u00e5ngfald och en global f\u00f6rst\u00e5else f\u00f6r ekosystemet i denna region.<\/p>\n<p>Medan Kamomillen <strong>prim\u00e4rt anv\u00e4nds i kosmetiska produkter<\/strong> njuter bina \u00e4ven av denna planta som bidrar till producering av <strong>honung<\/strong>. Det \u00e4r den s\u00f6ta doften som f\u00f6rser honungen fr\u00e5n <strong>La Gacilly<\/strong>, med unika aromer och till f\u00f6r att avnjutas.<\/p>\n<\/div>\n<\/div><\/div><\/div><div id=\"pgc-4699-3-1\"  class=\"panel-grid-cell\" ><div id=\"panel-4699-3-1-0\" class=\"so-panel widget widget_sow-video panel-first-child panel-last-child\" data-index=\"6\" ><div\n\t\t\t\n\t\t\tclass=\"so-widget-sow-video so-widget-sow-video-default-f379b959fc93-4699\"\n\t\t\t\n\t\t>\n<div class=\"sow-video-wrapper\">\n\t\t\t<video\n\t\t\tid=\"sow-player-1\" class=\"sow-video-widget\" preload=\"auto\" style=\"width:100%;height:100%;\" controls \t\t>\n\t\t\t\t\t\t\t<source type=\"video\/mp4\" src=\"https:\/\/abspace.yves-rocher.com\/se\/wp-content\/uploads\/sites\/12\/2019\/11\/2004_camomille_sauvage_image3_1100x652.mp4\"\/>\n\t\t\t\t\t<\/video>\n\t<\/div>\n<\/div><\/div><\/div><\/div><div id=\"pg-4699-4\"  class=\"panel-grid panel-no-style\" ><div id=\"pgc-4699-4-0\"  class=\"panel-grid-cell\" ><div id=\"panel-4699-4-0-0\" class=\"so-panel widget widget_sow-image panel-first-child panel-last-child\" data-index=\"7\" ><div\n\t\t\t\n\t\t\tclass=\"so-widget-sow-image so-widget-sow-image-default-8b5b6f678277-4699\"\n\t\t\t\n\t\t>\r\n\r\n\r\n<div class=\"sow-image-container\">\r\n    \r\n    <img loading=\"lazy\" decoding=\"async\" src=\"https:\/\/abspace.yves-rocher.com\/se\/wp-content\/uploads\/sites\/12\/2020\/01\/2004_camomille-sauvage_image4_1100x652.jpg\" width=\"1100\" height=\"652\" srcset=\"\"          class=\"so-widget-image\" \/>\r\n\r\n    \r\n    \r\n    <\/div>\r\n\r\n<\/div><\/div><\/div><div id=\"pgc-4699-4-1\"  class=\"panel-grid-cell\" ><div id=\"panel-4699-4-1-0\" class=\"so-panel widget widget_sow-editor panel-first-child panel-last-child\" data-index=\"8\" ><div\n\t\t\t\n\t\t\tclass=\"so-widget-sow-editor so-widget-sow-editor-base\"\n\t\t\t\n\t\t>\n<div class=\"siteorigin-widget-tinymce textwidget\">\n\t<h2 style=\"text-align: center\">V\u00c5RT EXTRAKT<\/h2>\n<p><em>Mjukg\u00f6rande egenskaper<\/em><\/p>\n<p>Vild kamomill \u00e4r \u00e4ven perfekt anpassad f\u00f6r k\u00e4nslig hud. Hudv\u00e5rdslinjen Sensitive Chamomille inneh\u00e5ller tv\u00e5 stycken 100 procentiga naturliga och aktiva ingredienser, Hydrosol och Oleate. Hydrosolen minskar hudens k\u00e4nslighet med 28% medan Oleate boostar hudens f\u00f6rsvar med 25% och f\u00f6rsvarsmekanismen med 30%. Din hud blir mindre k\u00e4nslig och starkare!<\/p>\n<p>Uppt\u00e4ck<a href=\"https:\/\/www.yves-rocher.se\/sensitive-camomille\/c\/SC\"> v\u00e5r hudv\u00e5rdsrutin<\/a> med <b>Sensitive Chamomille <\/b>som inneh\u00e5ller 100 % kamomill.<span class=\"Apple-converted-space\">\u00a0<\/span><\/p>\n<\/div>\n<\/div><\/div><\/div><\/div><div id=\"pg-4699-5\"  class=\"panel-grid panel-no-style\" ><div id=\"pgc-4699-5-0\"  class=\"panel-grid-cell\" ><div id=\"panel-4699-5-0-0\" class=\"so-panel widget panel-first-child panel-last-child\" data-index=\"9\" ><\/div><\/div><\/div><\/div>","protected":false},"excerpt":{"rendered":"<p>Vi ber\u00e4ttar om den Vilda Kamomillen som vi odlar i Bretagne<\/p>\n","protected":false},"author":397564,"featured_media":4700,"comment_status":"open","ping_status":"open","sticky":false,"template":"","format":"standard","meta":{"_acf_changed":false,"_exactmetrics_skip_tracking":false,"_exactmetrics_sitenote_active":false,"_exactmetrics_sitenote_note":"","_exactmetrics_sitenote_category":0,"footnotes":""},"categories":[1],"tags":[59,651],"class_list":["post-4699","post","type-post","status-publish","format-standard","has-post-thumbnail","hentry","category-uncategorized","tag-lagacilly","tag-viberattarallt"],"acf":[],"yoast_head":"<!-- This site is optimized with the Yoast SEO plugin v24.7 - https:\/\/yoast.com\/wordpress\/plugins\/seo\/ -->\n<title>Act Beautiful - Vild Kamomill - Yves Rocher<\/title>\n<meta name=\"description\" content=\"Vi ber\u00e4ttar om den Vilda Kamomillen som vi odlar i Bretagne\" \/>\n<meta name=\"robots\" content=\"index, follow, max-snippet:-1, max-image-preview:large, max-video-preview:-1\" \/>\n<link rel=\"canonical\" href=\"https:\/\/abspace.yves-rocher.com\/se\/sv\/vild-kamomill\/\" \/>\n<meta property=\"og:locale\" content=\"sv_SE\" \/>\n<meta property=\"og:type\" content=\"article\" \/>\n<meta property=\"og:title\" content=\"Act Beautiful - Vild Kamomill - Yves Rocher\" \/>\n<meta property=\"og:description\" content=\"Vi ber\u00e4ttar om den Vilda Kamomillen som vi odlar i Bretagne\" \/>\n<meta property=\"og:url\" content=\"https:\/\/abspace.yves-rocher.com\/se\/sv\/vild-kamomill\/\" \/>\n<meta property=\"og:site_name\" content=\"Sweden YR AB\" \/>\n<meta property=\"article:published_time\" content=\"2020-04-01T18:30:04+00:00\" \/>\n<meta property=\"article:modified_time\" content=\"2021-06-30T14:00:52+00:00\" \/>\n<meta property=\"og:image\" content=\"https:\/\/abspace.yves-rocher.com\/se\/wp-content\/uploads\/sites\/12\/2020\/01\/2004_D_HP-AB-SPACE_Image3_750x598.jpg\" \/>\n\t<meta property=\"og:image:width\" content=\"750\" \/>\n\t<meta property=\"og:image:height\" content=\"598\" \/>\n\t<meta property=\"og:image:type\" content=\"image\/jpeg\" \/>\n<meta name=\"author\" content=\"Claire Mazzella\" \/>\n<meta name=\"twitter:card\" content=\"summary_large_image\" \/>\n<meta name=\"twitter:label1\" content=\"Written by\" \/>\n\t<meta name=\"twitter:data1\" content=\"Claire Mazzella\" \/>\n\t<meta name=\"twitter:label2\" content=\"Est. reading time\" \/>\n\t<meta name=\"twitter:data2\" content=\"2 minutes\" \/>\n<script type=\"application\/ld+json\" class=\"yoast-schema-graph\">{\"@context\":\"https:\/\/schema.org\",\"@graph\":[{\"@type\":\"WebPage\",\"@id\":\"https:\/\/abspace.yves-rocher.com\/se\/sv\/vild-kamomill\/\",\"url\":\"https:\/\/abspace.yves-rocher.com\/se\/sv\/vild-kamomill\/\",\"name\":\"Act Beautiful - Vild Kamomill - Yves Rocher\",\"isPartOf\":{\"@id\":\"https:\/\/abspace.yves-rocher.com\/se\/#website\"},\"primaryImageOfPage\":{\"@id\":\"https:\/\/abspace.yves-rocher.com\/se\/sv\/vild-kamomill\/#primaryimage\"},\"image\":{\"@id\":\"https:\/\/abspace.yves-rocher.com\/se\/sv\/vild-kamomill\/#primaryimage\"},\"thumbnailUrl\":\"https:\/\/abspace.yves-rocher.com\/se\/wp-content\/uploads\/sites\/12\/2020\/01\/2004_D_HP-AB-SPACE_Image3_750x598.jpg\",\"datePublished\":\"2020-04-01T18:30:04+00:00\",\"dateModified\":\"2021-06-30T14:00:52+00:00\",\"author\":{\"@id\":\"https:\/\/abspace.yves-rocher.com\/se\/#\/schema\/person\/0e0b9549e5675a6d05c0a7b0955fbffc\"},\"description\":\"Vi ber\u00e4ttar om den Vilda Kamomillen som vi odlar i Bretagne\",\"breadcrumb\":{\"@id\":\"https:\/\/abspace.yves-rocher.com\/se\/sv\/vild-kamomill\/#breadcrumb\"},\"inLanguage\":\"sv-SE\",\"potentialAction\":[{\"@type\":\"ReadAction\",\"target\":[\"https:\/\/abspace.yves-rocher.com\/se\/sv\/vild-kamomill\/\"]}]},{\"@type\":\"ImageObject\",\"inLanguage\":\"sv-SE\",\"@id\":\"https:\/\/abspace.yves-rocher.com\/se\/sv\/vild-kamomill\/#primaryimage\",\"url\":\"https:\/\/abspace.yves-rocher.com\/se\/wp-content\/uploads\/sites\/12\/2020\/01\/2004_D_HP-AB-SPACE_Image3_750x598.jpg\",\"contentUrl\":\"https:\/\/abspace.yves-rocher.com\/se\/wp-content\/uploads\/sites\/12\/2020\/01\/2004_D_HP-AB-SPACE_Image3_750x598.jpg\",\"width\":750,\"height\":598},{\"@type\":\"BreadcrumbList\",\"@id\":\"https:\/\/abspace.yves-rocher.com\/se\/sv\/vild-kamomill\/#breadcrumb\",\"itemListElement\":[{\"@type\":\"ListItem\",\"position\":1,\"name\":\"Home\",\"item\":\"https:\/\/abspace.yves-rocher.com\/se\/sv\/\"},{\"@type\":\"ListItem\",\"position\":2,\"name\":\"Vild Kamomill\"}]},{\"@type\":\"WebSite\",\"@id\":\"https:\/\/abspace.yves-rocher.com\/se\/#website\",\"url\":\"https:\/\/abspace.yves-rocher.com\/se\/\",\"name\":\"Sweden YR AB\",\"description\":\"Just another Act Beautiful site\",\"potentialAction\":[{\"@type\":\"SearchAction\",\"target\":{\"@type\":\"EntryPoint\",\"urlTemplate\":\"https:\/\/abspace.yves-rocher.com\/se\/?s={search_term_string}\"},\"query-input\":{\"@type\":\"PropertyValueSpecification\",\"valueRequired\":true,\"valueName\":\"search_term_string\"}}],\"inLanguage\":\"sv-SE\"},{\"@type\":\"Person\",\"@id\":\"https:\/\/abspace.yves-rocher.com\/se\/#\/schema\/person\/0e0b9549e5675a6d05c0a7b0955fbffc\",\"name\":\"Claire Mazzella\",\"image\":{\"@type\":\"ImageObject\",\"inLanguage\":\"sv-SE\",\"@id\":\"https:\/\/abspace.yves-rocher.com\/se\/#\/schema\/person\/image\/\",\"url\":\"https:\/\/secure.gravatar.com\/avatar\/190d6b6e3ba3aa26c1ec41bf67910097?s=96&d=mm&r=g\",\"contentUrl\":\"https:\/\/secure.gravatar.com\/avatar\/190d6b6e3ba3aa26c1ec41bf67910097?s=96&d=mm&r=g\",\"caption\":\"Claire Mazzella\"},\"url\":\"https:\/\/abspace.yves-rocher.com\/se\/sv\/author\/clairemazella\/\"}]}<\/script>\n<!-- \/ Yoast SEO plugin. -->","yoast_head_json":{"title":"Act Beautiful - Vild Kamomill - Yves Rocher","description":"Vi ber\u00e4ttar om den Vilda Kamomillen som vi odlar i Bretagne","robots":{"index":"index","follow":"follow","max-snippet":"max-snippet:-1","max-image-preview":"max-image-preview:large","max-video-preview":"max-video-preview:-1"},"canonical":"https:\/\/abspace.yves-rocher.com\/se\/sv\/vild-kamomill\/","og_locale":"sv_SE","og_type":"article","og_title":"Act Beautiful - Vild Kamomill - Yves Rocher","og_description":"Vi ber\u00e4ttar om den Vilda Kamomillen som vi odlar i Bretagne","og_url":"https:\/\/abspace.yves-rocher.com\/se\/sv\/vild-kamomill\/","og_site_name":"Sweden YR AB","article_published_time":"2020-04-01T18:30:04+00:00","article_modified_time":"2021-06-30T14:00:52+00:00","og_image":[{"width":750,"height":598,"url":"https:\/\/abspace.yves-rocher.com\/se\/wp-content\/uploads\/sites\/12\/2020\/01\/2004_D_HP-AB-SPACE_Image3_750x598.jpg","type":"image\/jpeg"}],"author":"Claire Mazzella","twitter_card":"summary_large_image","twitter_misc":{"Written by":"Claire Mazzella","Est. reading time":"2 minutes"},"schema":{"@context":"https:\/\/schema.org","@graph":[{"@type":"WebPage","@id":"https:\/\/abspace.yves-rocher.com\/se\/sv\/vild-kamomill\/","url":"https:\/\/abspace.yves-rocher.com\/se\/sv\/vild-kamomill\/","name":"Act Beautiful - Vild Kamomill - Yves Rocher","isPartOf":{"@id":"https:\/\/abspace.yves-rocher.com\/se\/#website"},"primaryImageOfPage":{"@id":"https:\/\/abspace.yves-rocher.com\/se\/sv\/vild-kamomill\/#primaryimage"},"image":{"@id":"https:\/\/abspace.yves-rocher.com\/se\/sv\/vild-kamomill\/#primaryimage"},"thumbnailUrl":"https:\/\/abspace.yves-rocher.com\/se\/wp-content\/uploads\/sites\/12\/2020\/01\/2004_D_HP-AB-SPACE_Image3_750x598.jpg","datePublished":"2020-04-01T18:30:04+00:00","dateModified":"2021-06-30T14:00:52+00:00","author":{"@id":"https:\/\/abspace.yves-rocher.com\/se\/#\/schema\/person\/0e0b9549e5675a6d05c0a7b0955fbffc"},"description":"Vi ber\u00e4ttar om den Vilda Kamomillen som vi odlar i Bretagne","breadcrumb":{"@id":"https:\/\/abspace.yves-rocher.com\/se\/sv\/vild-kamomill\/#breadcrumb"},"inLanguage":"sv-SE","potentialAction":[{"@type":"ReadAction","target":["https:\/\/abspace.yves-rocher.com\/se\/sv\/vild-kamomill\/"]}]},{"@type":"ImageObject","inLanguage":"sv-SE","@id":"https:\/\/abspace.yves-rocher.com\/se\/sv\/vild-kamomill\/#primaryimage","url":"https:\/\/abspace.yves-rocher.com\/se\/wp-content\/uploads\/sites\/12\/2020\/01\/2004_D_HP-AB-SPACE_Image3_750x598.jpg","contentUrl":"https:\/\/abspace.yves-rocher.com\/se\/wp-content\/uploads\/sites\/12\/2020\/01\/2004_D_HP-AB-SPACE_Image3_750x598.jpg","width":750,"height":598},{"@type":"BreadcrumbList","@id":"https:\/\/abspace.yves-rocher.com\/se\/sv\/vild-kamomill\/#breadcrumb","itemListElement":[{"@type":"ListItem","position":1,"name":"Home","item":"https:\/\/abspace.yves-rocher.com\/se\/sv\/"},{"@type":"ListItem","position":2,"name":"Vild Kamomill"}]},{"@type":"WebSite","@id":"https:\/\/abspace.yves-rocher.com\/se\/#website","url":"https:\/\/abspace.yves-rocher.com\/se\/","name":"Sweden YR AB","description":"Just another Act Beautiful site","potentialAction":[{"@type":"SearchAction","target":{"@type":"EntryPoint","urlTemplate":"https:\/\/abspace.yves-rocher.com\/se\/?s={search_term_string}"},"query-input":{"@type":"PropertyValueSpecification","valueRequired":true,"valueName":"search_term_string"}}],"inLanguage":"sv-SE"},{"@type":"Person","@id":"https:\/\/abspace.yves-rocher.com\/se\/#\/schema\/person\/0e0b9549e5675a6d05c0a7b0955fbffc","name":"Claire Mazzella","image":{"@type":"ImageObject","inLanguage":"sv-SE","@id":"https:\/\/abspace.yves-rocher.com\/se\/#\/schema\/person\/image\/","url":"https:\/\/secure.gravatar.com\/avatar\/190d6b6e3ba3aa26c1ec41bf67910097?s=96&d=mm&r=g","contentUrl":"https:\/\/secure.gravatar.com\/avatar\/190d6b6e3ba3aa26c1ec41bf67910097?s=96&d=mm&r=g","caption":"Claire Mazzella"},"url":"https:\/\/abspace.yves-rocher.com\/se\/sv\/author\/clairemazella\/"}]}},"_links":{"self":[{"href":"https:\/\/abspace.yves-rocher.com\/se\/ws\/wp\/v2\/posts\/4699","targetHints":{"allow":["GET"]}}],"collection":[{"href":"https:\/\/abspace.yves-rocher.com\/se\/ws\/wp\/v2\/posts"}],"about":[{"href":"https:\/\/abspace.yves-rocher.com\/se\/ws\/wp\/v2\/types\/post"}],"author":[{"embeddable":true,"href":"https:\/\/abspace.yves-rocher.com\/se\/ws\/wp\/v2\/users\/397564"}],"replies":[{"embeddable":true,"href":"https:\/\/abspace.yves-rocher.com\/se\/ws\/wp\/v2\/comments?post=4699"}],"version-history":[{"count":6,"href":"https:\/\/abspace.yves-rocher.com\/se\/ws\/wp\/v2\/posts\/4699\/revisions"}],"predecessor-version":[{"id":5960,"href":"https:\/\/abspace.yves-rocher.com\/se\/ws\/wp\/v2\/posts\/4699\/revisions\/5960"}],"wp:featuredmedia":[{"embeddable":true,"href":"https:\/\/abspace.yves-rocher.com\/se\/ws\/wp\/v2\/media\/4700"}],"wp:attachment":[{"href":"https:\/\/abspace.yves-rocher.com\/se\/ws\/wp\/v2\/media?parent=4699"}],"wp:term":[{"taxonomy":"category","embeddable":true,"href":"https:\/\/abspace.yves-rocher.com\/se\/ws\/wp\/v2\/categories?post=4699"},{"taxonomy":"post_tag","embeddable":true,"href":"https:\/\/abspace.yves-rocher.com\/se\/ws\/wp\/v2\/tags?post=4699"}],"curies":[{"name":"wp","href":"https:\/\/api.w.org\/{rel}","templated":true}]}}