{"id":4853,"date":"2020-04-01T18:32:53","date_gmt":"2020-04-01T18:32:53","guid":{"rendered":"http:\/\/abspace.yves-rocher.com\/se\/?p=4853"},"modified":"2021-06-30T13:43:23","modified_gmt":"2021-06-30T13:43:23","slug":"groupe-rochers-kamp-mot-covid-19","status":"publish","type":"post","link":"https:\/\/abspace.yves-rocher.com\/se\/sv\/groupe-rochers-kamp-mot-covid-19\/","title":{"rendered":"Groupe Rochers kamp mot COVID-19"},"content":{"rendered":"<div id=\"pl-4853\"  class=\"panel-layout\" ><div id=\"pg-4853-0\"  class=\"panel-grid panel-no-style\" ><div id=\"pgc-4853-0-0\"  class=\"panel-grid-cell\" ><div id=\"panel-4853-0-0-0\" class=\"so-panel widget widget_sow-image panel-first-child panel-last-child\" data-index=\"0\" ><div\n\t\t\t\n\t\t\tclass=\"so-widget-sow-image so-widget-sow-image-default-8b5b6f678277-4853\"\n\t\t\t\n\t\t>\r\n\r\n\r\n<div class=\"sow-image-container\">\r\n    \r\n    <img loading=\"lazy\" decoding=\"async\" src=\"https:\/\/abspace.yves-rocher.com\/se\/wp-content\/uploads\/sites\/12\/2020\/04\/Covid-Pano_2704992.jpg\" width=\"2496\" height=\"652\" srcset=\"\" title=\"Covid-Pano\"          class=\"so-widget-image\" \/>\r\n\r\n    \r\n    \r\n    <\/div>\r\n\r\n<\/div><\/div><\/div><\/div><div id=\"pg-4853-1\"  class=\"panel-grid panel-no-style\" ><div id=\"pgc-4853-1-0\"  class=\"panel-grid-cell\" >            <div class=\"textWidget header-description \">\r\n                <p>Sedan Corona-virusets utbrott har Groupe Yves Rocher st\u00f6ttat sjukv\u00e5rden. \n<\/p>\r\n            <\/div>\r\n    <\/div><\/div><div id=\"pg-4853-2\"  class=\"panel-grid panel-no-style\" ><div id=\"pgc-4853-2-0\"  class=\"panel-grid-cell\" ><div id=\"panel-4853-2-0-0\" class=\"so-panel widget widget_sow-editor panel-first-child panel-last-child\" data-index=\"2\" ><div\n\t\t\t\n\t\t\tclass=\"so-widget-sow-editor so-widget-sow-editor-base\"\n\t\t\t\n\t\t>\n<div class=\"siteorigin-widget-tinymce textwidget\">\n\t<p>V\u00e5r prioritering de senaste dagarna har varit att ta fram <strong>en hydro-alkoholisk gel<\/strong> f\u00f6r att hj\u00e4lpa inom sjukv\u00e5rden i Frankrike att h\u00e5lla sina h\u00e4nder s\u00e5 rena som m\u00f6jligt och blockera ut viruset.<\/p>\n<p>Sedan den 16 mars s\u00e5 har v\u00e5ra fabriker i Bretagne, Frankrike lyckats genomf\u00f6ra denna produktion s\u00e5 pass snabbt, tack vare flaskor fr\u00e5n lokala sjukhus och de n\u00f6dv\u00e4ndiga ingredienserna som beh\u00f6vts i framst\u00e4llningen av denna hydro-alkoholiska gel.<span class=\"Apple-converted-space\">\u00a0<\/span><\/p>\n<p>Vi har valt att omprioritera all produktion i v\u00e5ra fabriker f\u00f6r att kunna framst\u00e4lla den hydro-alkoholiska gelen och nu \u00e4r den \u00e4ntligen f\u00e4rdig. Sedan den 23 mars har Groupe Yves Rocher allts\u00e5 producerat flaskor med hydro-alkoholisk gel till sjukhus i Frankrike f\u00f6r att g\u00f6ra det vi kan f\u00f6r att st\u00f6tta v\u00e5rden.<span class=\"Apple-converted-space\">\u00a0<\/span><\/p>\n<\/div>\n<\/div><\/div><\/div><div id=\"pgc-4853-2-1\"  class=\"panel-grid-cell\" ><div id=\"panel-4853-2-1-0\" class=\"so-panel widget widget_sow-image panel-first-child panel-last-child\" data-index=\"3\" ><div\n\t\t\t\n\t\t\tclass=\"so-widget-sow-image so-widget-sow-image-default-8b5b6f678277-4853\"\n\t\t\t\n\t\t>\r\n\r\n\r\n<div class=\"sow-image-container\">\r\n    \r\n    <img loading=\"lazy\" decoding=\"async\" src=\"https:\/\/abspace.yves-rocher.com\/se\/wp-content\/uploads\/sites\/12\/2020\/04\/Covid-Visu-article_6966381.jpg\" width=\"1100\" height=\"652\" srcset=\"\" title=\"Covid-Visu-article\"          class=\"so-widget-image\" \/>\r\n\r\n    \r\n    \r\n    <\/div>\r\n\r\n<\/div><\/div><\/div><\/div><div id=\"pg-4853-3\"  class=\"panel-grid panel-no-style\" ><div id=\"pgc-4853-3-0\"  class=\"panel-grid-cell\" ><div id=\"panel-4853-3-0-0\" class=\"so-panel widget widget_sow-image panel-first-child panel-last-child\" data-index=\"4\" ><div\n\t\t\t\n\t\t\tclass=\"so-widget-sow-image so-widget-sow-image-default-8b5b6f678277-4853\"\n\t\t\t\n\t\t>\r\n\r\n\r\n<div class=\"sow-image-container\">\r\n    \r\n    <img loading=\"lazy\" decoding=\"async\" src=\"https:\/\/abspace.yves-rocher.com\/se\/wp-content\/uploads\/sites\/12\/2020\/04\/covid-art-visu-1_7030337.jpg\" width=\"1100\" height=\"652\" srcset=\"\" title=\"covid-art-visu-1\"          class=\"so-widget-image\" \/>\r\n\r\n    \r\n    \r\n    <\/div>\r\n\r\n<\/div><\/div><\/div><div id=\"pgc-4853-3-1\"  class=\"panel-grid-cell\" ><div id=\"panel-4853-3-1-0\" class=\"so-panel widget widget_sow-editor panel-first-child panel-last-child\" data-index=\"5\" ><div\n\t\t\t\n\t\t\tclass=\"so-widget-sow-editor so-widget-sow-editor-base\"\n\t\t\t\n\t\t>\n<div class=\"siteorigin-widget-tinymce textwidget\">\n\t<p>Veckovis kommer <strong>45.000 flaskor med hydro-alkohol<\/strong> att levereras till lokala sjukhus och vi r\u00e4knar med att uppn\u00e5 <strong>180.000 flaskor<\/strong> n\u00e4r produktionen \u00e4r klar.<span class=\"Apple-converted-space\">\u00a0<\/span><\/p>\n<p>De Yves Rochers anst\u00e4llda som har m\u00f6jlighet forts\u00e4tter att arbeta p\u00e5 distans och digitalt d\u00e4r det \u00e4r m\u00f6jligt under strikta sanit\u00e4ra riktlinjer f\u00f6r att forts\u00e4tta f\u00f6rse v\u00e5ra kunder med det b\u00e4sta fr\u00e5n det botaniska riket.<\/p>\n<p><strong>Se till att ta hand om dig sj\u00e4lv och dina n\u00e4ra och k\u00e4ra.<span class=\"Apple-converted-space\">\u00a0<\/span><\/strong><\/p>\n<\/div>\n<\/div><\/div><\/div><\/div><\/div>","protected":false},"excerpt":{"rendered":"<p>Produktion av hydro-alkoholisk gel, v\u00e5r st\u00f6rsta prioritering.<\/p>\n","protected":false},"author":1,"featured_media":4885,"comment_status":"open","ping_status":"open","sticky":false,"template":"","format":"standard","meta":{"_acf_changed":false,"_exactmetrics_skip_tracking":false,"_exactmetrics_sitenote_active":false,"_exactmetrics_sitenote_note":"","_exactmetrics_sitenote_category":0,"footnotes":""},"categories":[1],"tags":[510],"class_list":["post-4853","post","type-post","status-publish","format-standard","has-post-thumbnail","hentry","category-uncategorized","tag-varavarderingar-sv"],"acf":[],"yoast_head":"<!-- This site is optimized with the Yoast SEO plugin v24.7 - https:\/\/yoast.com\/wordpress\/plugins\/seo\/ -->\n<title>Act Beautiful - Groupe Rochers kamp mot COVID-19 - Yves Rocher<\/title>\n<meta name=\"description\" content=\"Produktion av hydro-alkoholisk gel, v\u00e5r st\u00f6rsta prioritering.\" \/>\n<meta name=\"robots\" content=\"index, follow, max-snippet:-1, max-image-preview:large, max-video-preview:-1\" \/>\n<link rel=\"canonical\" href=\"https:\/\/abspace.yves-rocher.com\/se\/sv\/groupe-rochers-kamp-mot-covid-19\/\" \/>\n<meta property=\"og:locale\" content=\"sv_SE\" \/>\n<meta property=\"og:type\" content=\"article\" \/>\n<meta property=\"og:title\" content=\"Act Beautiful - Groupe Rochers kamp mot COVID-19 - Yves Rocher\" \/>\n<meta property=\"og:description\" content=\"Produktion av hydro-alkoholisk gel, v\u00e5r st\u00f6rsta prioritering.\" \/>\n<meta property=\"og:url\" content=\"https:\/\/abspace.yves-rocher.com\/se\/sv\/groupe-rochers-kamp-mot-covid-19\/\" \/>\n<meta property=\"og:site_name\" content=\"Sweden YR AB\" \/>\n<meta property=\"article:published_time\" content=\"2020-04-01T18:32:53+00:00\" \/>\n<meta property=\"article:modified_time\" content=\"2021-06-30T13:43:23+00:00\" \/>\n<meta property=\"og:image\" content=\"https:\/\/abspace.yves-rocher.com\/se\/wp-content\/uploads\/sites\/12\/2020\/04\/Push-HP-COVID_2724029.jpg\" \/>\n\t<meta property=\"og:image:width\" content=\"750\" \/>\n\t<meta property=\"og:image:height\" content=\"1036\" \/>\n\t<meta property=\"og:image:type\" content=\"image\/jpeg\" \/>\n<meta name=\"author\" content=\"krdsadmin\" \/>\n<meta name=\"twitter:card\" content=\"summary_large_image\" \/>\n<meta name=\"twitter:label1\" content=\"Written by\" \/>\n\t<meta name=\"twitter:data1\" content=\"krdsadmin\" \/>\n\t<meta name=\"twitter:label2\" content=\"Est. reading time\" \/>\n\t<meta name=\"twitter:data2\" content=\"1 minute\" \/>\n<script type=\"application\/ld+json\" class=\"yoast-schema-graph\">{\"@context\":\"https:\/\/schema.org\",\"@graph\":[{\"@type\":\"WebPage\",\"@id\":\"https:\/\/abspace.yves-rocher.com\/se\/sv\/groupe-rochers-kamp-mot-covid-19\/\",\"url\":\"https:\/\/abspace.yves-rocher.com\/se\/sv\/groupe-rochers-kamp-mot-covid-19\/\",\"name\":\"Act Beautiful - Groupe Rochers kamp mot COVID-19 - Yves Rocher\",\"isPartOf\":{\"@id\":\"https:\/\/abspace.yves-rocher.com\/se\/#website\"},\"primaryImageOfPage\":{\"@id\":\"https:\/\/abspace.yves-rocher.com\/se\/sv\/groupe-rochers-kamp-mot-covid-19\/#primaryimage\"},\"image\":{\"@id\":\"https:\/\/abspace.yves-rocher.com\/se\/sv\/groupe-rochers-kamp-mot-covid-19\/#primaryimage\"},\"thumbnailUrl\":\"https:\/\/abspace.yves-rocher.com\/se\/wp-content\/uploads\/sites\/12\/2020\/04\/Push-HP-COVID_2724029.jpg\",\"datePublished\":\"2020-04-01T18:32:53+00:00\",\"dateModified\":\"2021-06-30T13:43:23+00:00\",\"author\":{\"@id\":\"https:\/\/abspace.yves-rocher.com\/se\/#\/schema\/person\/ec696ee18287f26537143fb2cfd6f3a9\"},\"description\":\"Produktion av hydro-alkoholisk gel, v\u00e5r st\u00f6rsta prioritering.\",\"breadcrumb\":{\"@id\":\"https:\/\/abspace.yves-rocher.com\/se\/sv\/groupe-rochers-kamp-mot-covid-19\/#breadcrumb\"},\"inLanguage\":\"sv-SE\",\"potentialAction\":[{\"@type\":\"ReadAction\",\"target\":[\"https:\/\/abspace.yves-rocher.com\/se\/sv\/groupe-rochers-kamp-mot-covid-19\/\"]}]},{\"@type\":\"ImageObject\",\"inLanguage\":\"sv-SE\",\"@id\":\"https:\/\/abspace.yves-rocher.com\/se\/sv\/groupe-rochers-kamp-mot-covid-19\/#primaryimage\",\"url\":\"https:\/\/abspace.yves-rocher.com\/se\/wp-content\/uploads\/sites\/12\/2020\/04\/Push-HP-COVID_2724029.jpg\",\"contentUrl\":\"https:\/\/abspace.yves-rocher.com\/se\/wp-content\/uploads\/sites\/12\/2020\/04\/Push-HP-COVID_2724029.jpg\",\"width\":750,\"height\":1036},{\"@type\":\"BreadcrumbList\",\"@id\":\"https:\/\/abspace.yves-rocher.com\/se\/sv\/groupe-rochers-kamp-mot-covid-19\/#breadcrumb\",\"itemListElement\":[{\"@type\":\"ListItem\",\"position\":1,\"name\":\"Home\",\"item\":\"https:\/\/abspace.yves-rocher.com\/se\/sv\/\"},{\"@type\":\"ListItem\",\"position\":2,\"name\":\"Groupe Rochers kamp mot COVID-19\"}]},{\"@type\":\"WebSite\",\"@id\":\"https:\/\/abspace.yves-rocher.com\/se\/#website\",\"url\":\"https:\/\/abspace.yves-rocher.com\/se\/\",\"name\":\"Sweden YR AB\",\"description\":\"Just another Act Beautiful site\",\"potentialAction\":[{\"@type\":\"SearchAction\",\"target\":{\"@type\":\"EntryPoint\",\"urlTemplate\":\"https:\/\/abspace.yves-rocher.com\/se\/?s={search_term_string}\"},\"query-input\":{\"@type\":\"PropertyValueSpecification\",\"valueRequired\":true,\"valueName\":\"search_term_string\"}}],\"inLanguage\":\"sv-SE\"},{\"@type\":\"Person\",\"@id\":\"https:\/\/abspace.yves-rocher.com\/se\/#\/schema\/person\/ec696ee18287f26537143fb2cfd6f3a9\",\"name\":\"krdsadmin\",\"image\":{\"@type\":\"ImageObject\",\"inLanguage\":\"sv-SE\",\"@id\":\"https:\/\/abspace.yves-rocher.com\/se\/#\/schema\/person\/image\/\",\"url\":\"https:\/\/secure.gravatar.com\/avatar\/93174a0612e45c1a7b3ff213533800d4?s=96&d=mm&r=g\",\"contentUrl\":\"https:\/\/secure.gravatar.com\/avatar\/93174a0612e45c1a7b3ff213533800d4?s=96&d=mm&r=g\",\"caption\":\"krdsadmin\"},\"url\":\"https:\/\/abspace.yves-rocher.com\/se\/sv\/author\/krdsadmin\/\"}]}<\/script>\n<!-- \/ Yoast SEO plugin. -->","yoast_head_json":{"title":"Act Beautiful - Groupe Rochers kamp mot COVID-19 - Yves Rocher","description":"Produktion av hydro-alkoholisk gel, v\u00e5r st\u00f6rsta prioritering.","robots":{"index":"index","follow":"follow","max-snippet":"max-snippet:-1","max-image-preview":"max-image-preview:large","max-video-preview":"max-video-preview:-1"},"canonical":"https:\/\/abspace.yves-rocher.com\/se\/sv\/groupe-rochers-kamp-mot-covid-19\/","og_locale":"sv_SE","og_type":"article","og_title":"Act Beautiful - Groupe Rochers kamp mot COVID-19 - Yves Rocher","og_description":"Produktion av hydro-alkoholisk gel, v\u00e5r st\u00f6rsta prioritering.","og_url":"https:\/\/abspace.yves-rocher.com\/se\/sv\/groupe-rochers-kamp-mot-covid-19\/","og_site_name":"Sweden YR AB","article_published_time":"2020-04-01T18:32:53+00:00","article_modified_time":"2021-06-30T13:43:23+00:00","og_image":[{"width":750,"height":1036,"url":"https:\/\/abspace.yves-rocher.com\/se\/wp-content\/uploads\/sites\/12\/2020\/04\/Push-HP-COVID_2724029.jpg","type":"image\/jpeg"}],"author":"krdsadmin","twitter_card":"summary_large_image","twitter_misc":{"Written by":"krdsadmin","Est. reading time":"1 minute"},"schema":{"@context":"https:\/\/schema.org","@graph":[{"@type":"WebPage","@id":"https:\/\/abspace.yves-rocher.com\/se\/sv\/groupe-rochers-kamp-mot-covid-19\/","url":"https:\/\/abspace.yves-rocher.com\/se\/sv\/groupe-rochers-kamp-mot-covid-19\/","name":"Act Beautiful - Groupe Rochers kamp mot COVID-19 - Yves Rocher","isPartOf":{"@id":"https:\/\/abspace.yves-rocher.com\/se\/#website"},"primaryImageOfPage":{"@id":"https:\/\/abspace.yves-rocher.com\/se\/sv\/groupe-rochers-kamp-mot-covid-19\/#primaryimage"},"image":{"@id":"https:\/\/abspace.yves-rocher.com\/se\/sv\/groupe-rochers-kamp-mot-covid-19\/#primaryimage"},"thumbnailUrl":"https:\/\/abspace.yves-rocher.com\/se\/wp-content\/uploads\/sites\/12\/2020\/04\/Push-HP-COVID_2724029.jpg","datePublished":"2020-04-01T18:32:53+00:00","dateModified":"2021-06-30T13:43:23+00:00","author":{"@id":"https:\/\/abspace.yves-rocher.com\/se\/#\/schema\/person\/ec696ee18287f26537143fb2cfd6f3a9"},"description":"Produktion av hydro-alkoholisk gel, v\u00e5r st\u00f6rsta prioritering.","breadcrumb":{"@id":"https:\/\/abspace.yves-rocher.com\/se\/sv\/groupe-rochers-kamp-mot-covid-19\/#breadcrumb"},"inLanguage":"sv-SE","potentialAction":[{"@type":"ReadAction","target":["https:\/\/abspace.yves-rocher.com\/se\/sv\/groupe-rochers-kamp-mot-covid-19\/"]}]},{"@type":"ImageObject","inLanguage":"sv-SE","@id":"https:\/\/abspace.yves-rocher.com\/se\/sv\/groupe-rochers-kamp-mot-covid-19\/#primaryimage","url":"https:\/\/abspace.yves-rocher.com\/se\/wp-content\/uploads\/sites\/12\/2020\/04\/Push-HP-COVID_2724029.jpg","contentUrl":"https:\/\/abspace.yves-rocher.com\/se\/wp-content\/uploads\/sites\/12\/2020\/04\/Push-HP-COVID_2724029.jpg","width":750,"height":1036},{"@type":"BreadcrumbList","@id":"https:\/\/abspace.yves-rocher.com\/se\/sv\/groupe-rochers-kamp-mot-covid-19\/#breadcrumb","itemListElement":[{"@type":"ListItem","position":1,"name":"Home","item":"https:\/\/abspace.yves-rocher.com\/se\/sv\/"},{"@type":"ListItem","position":2,"name":"Groupe Rochers kamp mot COVID-19"}]},{"@type":"WebSite","@id":"https:\/\/abspace.yves-rocher.com\/se\/#website","url":"https:\/\/abspace.yves-rocher.com\/se\/","name":"Sweden YR AB","description":"Just another Act Beautiful site","potentialAction":[{"@type":"SearchAction","target":{"@type":"EntryPoint","urlTemplate":"https:\/\/abspace.yves-rocher.com\/se\/?s={search_term_string}"},"query-input":{"@type":"PropertyValueSpecification","valueRequired":true,"valueName":"search_term_string"}}],"inLanguage":"sv-SE"},{"@type":"Person","@id":"https:\/\/abspace.yves-rocher.com\/se\/#\/schema\/person\/ec696ee18287f26537143fb2cfd6f3a9","name":"krdsadmin","image":{"@type":"ImageObject","inLanguage":"sv-SE","@id":"https:\/\/abspace.yves-rocher.com\/se\/#\/schema\/person\/image\/","url":"https:\/\/secure.gravatar.com\/avatar\/93174a0612e45c1a7b3ff213533800d4?s=96&d=mm&r=g","contentUrl":"https:\/\/secure.gravatar.com\/avatar\/93174a0612e45c1a7b3ff213533800d4?s=96&d=mm&r=g","caption":"krdsadmin"},"url":"https:\/\/abspace.yves-rocher.com\/se\/sv\/author\/krdsadmin\/"}]}},"_links":{"self":[{"href":"https:\/\/abspace.yves-rocher.com\/se\/ws\/wp\/v2\/posts\/4853","targetHints":{"allow":["GET"]}}],"collection":[{"href":"https:\/\/abspace.yves-rocher.com\/se\/ws\/wp\/v2\/posts"}],"about":[{"href":"https:\/\/abspace.yves-rocher.com\/se\/ws\/wp\/v2\/types\/post"}],"author":[{"embeddable":true,"href":"https:\/\/abspace.yves-rocher.com\/se\/ws\/wp\/v2\/users\/1"}],"replies":[{"embeddable":true,"href":"https:\/\/abspace.yves-rocher.com\/se\/ws\/wp\/v2\/comments?post=4853"}],"version-history":[{"count":8,"href":"https:\/\/abspace.yves-rocher.com\/se\/ws\/wp\/v2\/posts\/4853\/revisions"}],"predecessor-version":[{"id":5959,"href":"https:\/\/abspace.yves-rocher.com\/se\/ws\/wp\/v2\/posts\/4853\/revisions\/5959"}],"wp:featuredmedia":[{"embeddable":true,"href":"https:\/\/abspace.yves-rocher.com\/se\/ws\/wp\/v2\/media\/4885"}],"wp:attachment":[{"href":"https:\/\/abspace.yves-rocher.com\/se\/ws\/wp\/v2\/media?parent=4853"}],"wp:term":[{"taxonomy":"category","embeddable":true,"href":"https:\/\/abspace.yves-rocher.com\/se\/ws\/wp\/v2\/categories?post=4853"},{"taxonomy":"post_tag","embeddable":true,"href":"https:\/\/abspace.yves-rocher.com\/se\/ws\/wp\/v2\/tags?post=4853"}],"curies":[{"name":"wp","href":"https:\/\/api.w.org\/{rel}","templated":true}]}}