{"id":4922,"date":"2020-11-25T12:00:54","date_gmt":"2020-11-25T12:00:54","guid":{"rendered":"http:\/\/abspace.yves-rocher.com\/se\/?p=4922"},"modified":"2021-06-29T11:41:27","modified_gmt":"2021-06-29T11:41:27","slug":"fotofestival-med-fokus-pa-miljo-i-la-gacilly-2020","status":"publish","type":"post","link":"https:\/\/abspace.yves-rocher.com\/se\/sv\/fotofestival-med-fokus-pa-miljo-i-la-gacilly-2020\/","title":{"rendered":"Fotofestival &#8211; med fokus p\u00e5 milj\u00f6 i La Gacilly 2020"},"content":{"rendered":"<div id=\"pl-4922\"  class=\"panel-layout\" ><div id=\"pg-4922-0\"  class=\"panel-grid panel-no-style\" ><div id=\"pgc-4922-0-0\"  class=\"panel-grid-cell\" >            <div class=\"textWidget header-description \">\r\n                <p>Yves Rochers hemby La Gacilly i Frankrike bjuder in den 1 juli till den 31 oktober 2020, till den 17:e upplagan av \u00e5rets fotofestival. I \u00e5r med det sp\u00e4nnande temat: \"Viva Latina!\"\n<\/p>\r\n            <\/div>\r\n    <\/div><\/div><div id=\"pg-4922-1\"  class=\"panel-grid panel-no-style\" ><div id=\"pgc-4922-1-0\"  class=\"panel-grid-cell\" ><div id=\"panel-4922-1-0-0\" class=\"so-panel widget widget_sow-editor panel-first-child panel-last-child\" data-index=\"1\" ><div\n\t\t\t\n\t\t\tclass=\"so-widget-sow-editor so-widget-sow-editor-base\"\n\t\t\t\n\t\t>\n<div class=\"siteorigin-widget-tinymce textwidget\">\n\t<h3>En fotografisk festival med ett uppdrag<\/h3>\n<p>Sedan 2004 har La Gacillys fotofestival erk\u00e4nts f\u00f6r sitt engagemang f\u00f6r milj\u00f6utmaningarna i v\u00e5rt samh\u00e4lle. Varje \u00e5r, fr\u00e5n b\u00f6rjan av juli till slutet av oktober, kommer mer \u00e4n 300 000 bes\u00f6kare till La Gacilly i Morbihan, f\u00f6r att uppt\u00e4cka 18 utomhusgallerier som inkluderar mer \u00e4n 600 storformatsfoton.<\/p>\n<p>La Gacillys fotoutst\u00e4llning \u00e5terspeglar samtidens oro f\u00f6r milj\u00f6n och med hj\u00e4lp utav fotona, vill man skapa mening och hj\u00e4lpa m\u00e4nniskor att hitta nya v\u00e4gar f\u00f6r att n\u00e5 en ny framtid med en ny livsstil. Som festivalens president Auguste Coudray sj\u00e4lv s\u00e4ger: \"-Konstn\u00e4rens blick f\u00f6rv\u00e5nar, utmanar, f\u00f6rd\u00f6mer, och till och med st\u00f6r ibland... Vilket knuffar oss sj\u00e4lva i en ny riktning! Ambitionen f\u00f6r festivalen \u00e4r enkel: att bli en fotografisk festival med ett uppdrag; erk\u00e4nd f\u00f6r sitt engagemang och dess f\u00f6rm\u00e5ga att f\u00f6rena publiken inf\u00f6r en sp\u00e4nnande framtid.\"<\/p>\n<h3>Ett fotografiskt engagerat Latinamerika<\/h3>\n<p>Det \u00e4r inte utan anledning som La Gacillys fotofestival belyser fotografier fr\u00e5n Latinamerika. Fr\u00e4mst eftersom br\u00e4nder har h\u00e4rjat i Amazonas skogar de senaste m\u00e5naderna. \"-P\u00e5 grund av m\u00e4nsklig handling, f\u00f6rst\u00e4rkt av klimatf\u00f6r\u00e4ndringar, p\u00e5minner br\u00e4nderna oss om att om vi kan f\u00f6rst\u00f6ra naturen, kan vi inte heller kontrollera den.\"<\/p>\n<p>Dessa ord kommer fr\u00e5n Cyril Drouhet, utst\u00e4llningsansvarig. F\u00f6r denna 17:e upplaga av La Gacillys fotofestival, belyser programmet: \"-Fotografier som \u00e4r starkt influerade av komplexiteten av dess historia, m\u00e4rkt av revolutioner och av hopp, mellan v\u00e4sterl\u00e4ndska dr\u00f6mmar och religi\u00f6sa \u00f6vertygelser, genomsyrad av en stor \u00f6nskan om att leva.\u201d f\u00f6rklarar Cyril Drouhet.<\/p>\n<\/div>\n<\/div><\/div><\/div><div id=\"pgc-4922-1-1\"  class=\"panel-grid-cell\" ><div id=\"panel-4922-1-1-0\" class=\"so-panel widget widget_sow-image panel-first-child panel-last-child\" data-index=\"2\" ><div\n\t\t\t\n\t\t\tclass=\"so-widget-sow-image so-widget-sow-image-default-8b5b6f678277-4922\"\n\t\t\t\n\t\t>\r\n\r\n\r\n<div class=\"sow-image-container\">\r\n    \r\n    <img loading=\"lazy\" decoding=\"async\" src=\"https:\/\/abspace.yves-rocher.com\/se\/wp-content\/uploads\/sites\/12\/2020\/11\/2007_S_HP_image1_1100x1481-1_9648841_2334046.jpg\" width=\"1100\" height=\"1481\" srcset=\"\" title=\"2007_S_HP_image1_1100x1481\"          class=\"so-widget-image\" \/>\r\n\r\n    \r\n    \r\n    <\/div>\r\n\r\n<\/div><\/div><\/div><\/div><div id=\"pg-4922-2\"  class=\"panel-grid panel-no-style\" ><div id=\"pgc-4922-2-0\"  class=\"panel-grid-cell\" ><div id=\"panel-4922-2-0-0\" class=\"so-panel widget widget_sow-image panel-first-child panel-last-child\" data-index=\"3\" ><div\n\t\t\t\n\t\t\tclass=\"so-widget-sow-image so-widget-sow-image-default-8b5b6f678277-4922\"\n\t\t\t\n\t\t>\r\n\r\n\r\n<div class=\"sow-image-container\">\r\n    \r\n    <img loading=\"lazy\" decoding=\"async\" src=\"https:\/\/abspace.yves-rocher.com\/se\/wp-content\/uploads\/sites\/12\/2020\/11\/2007_S_HP_Dorr1_1100x1481_3921984_1031874_6300961.jpg\" width=\"1100\" height=\"1481\" srcset=\"\" title=\"2007_S_HP_Dorr1_1100x1481\"          class=\"so-widget-image\" \/>\r\n\r\n    \r\n    \r\n    <\/div>\r\n\r\n<\/div><\/div><\/div><div id=\"pgc-4922-2-1\"  class=\"panel-grid-cell\" ><div id=\"panel-4922-2-1-0\" class=\"so-panel widget widget_sow-editor panel-first-child panel-last-child\" data-index=\"4\" ><div\n\t\t\t\n\t\t\tclass=\"so-widget-sow-editor so-widget-sow-editor-base\"\n\t\t\t\n\t\t>\n<div class=\"siteorigin-widget-tinymce textwidget\">\n\t<h3>La Gacilly, en by fylld av bilder<\/h3>\n<p>La Gacillys fotofestival bjuder p\u00e5 en uppslukande fotografisk upplevelse bland utomhusgallerier och presenterar det b\u00e4sta av samtida skapelser som ifr\u00e5gas\u00e4tter v\u00e5rt f\u00f6rh\u00e5llande till v\u00e4rlden och naturen.<\/p>\n<p>Fotografierna pryder gator och tr\u00e4dg\u00e5rdar i La Gacilly, f\u00f6delseplatsen f\u00f6r sj\u00e4lva Mr. Yves Rocher. Det offentliga rummet blir ett natursk\u00f6nt utrymme, delat och tillg\u00e4ngligt f\u00f6r alla.<\/p>\n<p>Festivalen p\u00e5g\u00e5r varje sommar. Det \u00e4r ett utm\u00e4rkt tillf\u00e4lle att samla ihop sin familj och sina v\u00e4nner, (vare sig de \u00e4r fotoexperter eller fotoamat\u00f6rer), och f\u00e5 komma och uppt\u00e4cka de stora namnen inom fotografering.<\/p>\n<h3>En internationell festival<\/h3>\n<p>Festivalen har varit n\u00e4rvarande p\u00e5 den europeiska scenen sedan 2018 med skapandet av ett liknande event baserat p\u00e5 samma koncept i Baden, \u00d6sterrike.\u00a0<\/p>\n<p>All information om festivalen och dess program finner du h\u00e4r: <a href=\"https:\/\/www.festivalphoto-lagacilly.com\/en\/informations-pratiques\/comment-venir\">https:\/\/www.festivalphoto-lagacilly.com\/en\/informations-pratiques\/comment-venir<\/a> E-post: contact@festivalphoto-lagacilly.com<\/p>\n<\/div>\n<\/div><\/div><\/div><\/div><div id=\"pg-4922-3\"  class=\"panel-grid panel-no-style\" ><div id=\"pgc-4922-3-0\"  class=\"panel-grid-cell\" ><div id=\"panel-4922-3-0-0\" class=\"so-panel widget widget_sow-image panel-first-child panel-last-child\" data-index=\"5\" ><div\n\t\t\t\n\t\t\tclass=\"so-widget-sow-image so-widget-sow-image-default-8b5b6f678277-4922\"\n\t\t\t\n\t\t>\r\n\r\n\r\n<div class=\"sow-image-container\">\r\n    \r\n    <img loading=\"lazy\" decoding=\"async\" src=\"https:\/\/abspace.yves-rocher.com\/se\/wp-content\/uploads\/sites\/12\/2020\/11\/2007_S_HP_Cohen1_1100x652_6116514_9434639_1124509.jpg\" width=\"1100\" height=\"652\" srcset=\"\" title=\"2007_S_HP_Cohen1_1100x652\"          class=\"so-widget-image\" \/>\r\n\r\n    \r\n    \r\n    <\/div>\r\n\r\n<\/div><\/div><\/div><div id=\"pgc-4922-3-1\"  class=\"panel-grid-cell\" ><div id=\"panel-4922-3-1-0\" class=\"so-panel widget widget_sow-image panel-first-child panel-last-child\" data-index=\"6\" ><div\n\t\t\t\n\t\t\tclass=\"so-widget-sow-image so-widget-sow-image-default-8b5b6f678277-4922\"\n\t\t\t\n\t\t>\r\n\r\n\r\n<div class=\"sow-image-container\">\r\n    \r\n    <img loading=\"lazy\" decoding=\"async\" src=\"https:\/\/abspace.yves-rocher.com\/se\/wp-content\/uploads\/sites\/12\/2020\/11\/2007_S_HP_Dorr2_1100x652_3350303_9674282_4311383.jpg\" width=\"1100\" height=\"652\" srcset=\"\" title=\"2007_S_HP_Dorr2_1100x652\"          class=\"so-widget-image\" \/>\r\n\r\n    \r\n    \r\n    <\/div>\r\n\r\n<\/div><\/div><\/div><div id=\"pgc-4922-3-2\"  class=\"panel-grid-cell\" ><div id=\"panel-4922-3-2-0\" class=\"so-panel widget widget_sow-image panel-first-child panel-last-child\" data-index=\"7\" ><div\n\t\t\t\n\t\t\tclass=\"so-widget-sow-image so-widget-sow-image-default-8b5b6f678277-4922\"\n\t\t\t\n\t\t>\r\n\r\n\r\n<div class=\"sow-image-container\">\r\n    \r\n    <img loading=\"lazy\" decoding=\"async\" src=\"https:\/\/abspace.yves-rocher.com\/se\/wp-content\/uploads\/sites\/12\/2020\/11\/2007_S_HP_Cohen2_1100x652_2277555_6964075_2397360.jpg\" width=\"1100\" height=\"652\" srcset=\"\" title=\"2007_S_HP_Cohen2_1100x652\"          class=\"so-widget-image\" \/>\r\n\r\n    \r\n    \r\n    <\/div>\r\n\r\n<\/div><\/div><\/div><\/div><\/div>","protected":false},"excerpt":{"rendered":"<p>Vi ses p\u00e5 fotofestivalen om milj\u00f6 i La Gacilly i Frankrike!<\/p>\n","protected":false},"author":599583,"featured_media":5436,"comment_status":"open","ping_status":"open","sticky":false,"template":"","format":"standard","meta":{"_acf_changed":false,"_exactmetrics_skip_tracking":false,"_exactmetrics_sitenote_active":false,"_exactmetrics_sitenote_note":"","_exactmetrics_sitenote_category":0,"footnotes":""},"categories":[1],"tags":[59],"class_list":["post-4922","post","type-post","status-publish","format-standard","has-post-thumbnail","hentry","category-uncategorized","tag-lagacilly"],"acf":[],"yoast_head":"<!-- This site is optimized with the Yoast SEO plugin v24.7 - https:\/\/yoast.com\/wordpress\/plugins\/seo\/ -->\n<title>Fotofestival i La Gacilly 2020 med fokus p\u00e5 milj\u00f6<\/title>\n<meta name=\"description\" content=\"Missa inte 2020 \u00e5rs fotofestival i La Gacilly i Frankrike med foton som belyser utmaningarna med milj\u00f6n. I \u00e5r med fokus p\u00e5 Latinamerika.\" \/>\n<meta name=\"robots\" content=\"index, follow, max-snippet:-1, max-image-preview:large, max-video-preview:-1\" \/>\n<link rel=\"canonical\" href=\"https:\/\/abspace.yves-rocher.com\/se\/sv\/fotofestival-med-fokus-pa-miljo-i-la-gacilly-2020\/\" \/>\n<meta property=\"og:locale\" content=\"sv_SE\" \/>\n<meta property=\"og:type\" content=\"article\" \/>\n<meta property=\"og:title\" content=\"Fotofestival i La Gacilly 2020 med fokus p\u00e5 milj\u00f6\" \/>\n<meta property=\"og:description\" content=\"Missa inte 2020 \u00e5rs fotofestival i La Gacilly i Frankrike med foton som belyser utmaningarna med milj\u00f6n. I \u00e5r med fokus p\u00e5 Latinamerika.\" \/>\n<meta property=\"og:url\" content=\"https:\/\/abspace.yves-rocher.com\/se\/sv\/fotofestival-med-fokus-pa-miljo-i-la-gacilly-2020\/\" \/>\n<meta property=\"og:site_name\" content=\"Sweden YR AB\" \/>\n<meta property=\"article:published_time\" content=\"2020-11-25T12:00:54+00:00\" \/>\n<meta property=\"article:modified_time\" content=\"2021-06-29T11:41:27+00:00\" \/>\n<meta property=\"og:image\" content=\"https:\/\/abspace.yves-rocher.com\/se\/wp-content\/uploads\/sites\/12\/2020\/11\/2007_HP_push5_750x1036_5428656_3011188.jpg\" \/>\n\t<meta property=\"og:image:width\" content=\"750\" \/>\n\t<meta property=\"og:image:height\" content=\"1036\" \/>\n\t<meta property=\"og:image:type\" content=\"image\/jpeg\" \/>\n<meta name=\"author\" content=\"valerieramarozatovo\" \/>\n<meta name=\"twitter:card\" content=\"summary_large_image\" \/>\n<meta name=\"twitter:label1\" content=\"Written by\" \/>\n\t<meta name=\"twitter:data1\" content=\"valerieramarozatovo\" \/>\n<script type=\"application\/ld+json\" class=\"yoast-schema-graph\">{\"@context\":\"https:\/\/schema.org\",\"@graph\":[{\"@type\":\"WebPage\",\"@id\":\"https:\/\/abspace.yves-rocher.com\/se\/sv\/fotofestival-med-fokus-pa-miljo-i-la-gacilly-2020\/\",\"url\":\"https:\/\/abspace.yves-rocher.com\/se\/sv\/fotofestival-med-fokus-pa-miljo-i-la-gacilly-2020\/\",\"name\":\"Fotofestival i La Gacilly 2020 med fokus p\u00e5 milj\u00f6\",\"isPartOf\":{\"@id\":\"https:\/\/abspace.yves-rocher.com\/se\/#website\"},\"primaryImageOfPage\":{\"@id\":\"https:\/\/abspace.yves-rocher.com\/se\/sv\/fotofestival-med-fokus-pa-miljo-i-la-gacilly-2020\/#primaryimage\"},\"image\":{\"@id\":\"https:\/\/abspace.yves-rocher.com\/se\/sv\/fotofestival-med-fokus-pa-miljo-i-la-gacilly-2020\/#primaryimage\"},\"thumbnailUrl\":\"https:\/\/abspace.yves-rocher.com\/se\/wp-content\/uploads\/sites\/12\/2020\/11\/2007_HP_push5_750x1036_5428656_3011188.jpg\",\"datePublished\":\"2020-11-25T12:00:54+00:00\",\"dateModified\":\"2021-06-29T11:41:27+00:00\",\"author\":{\"@id\":\"https:\/\/abspace.yves-rocher.com\/se\/#\/schema\/person\/4d3c10e04acd5e3623a86900ef5c83f9\"},\"description\":\"Missa inte 2020 \u00e5rs fotofestival i La Gacilly i Frankrike med foton som belyser utmaningarna med milj\u00f6n. I \u00e5r med fokus p\u00e5 Latinamerika.\",\"breadcrumb\":{\"@id\":\"https:\/\/abspace.yves-rocher.com\/se\/sv\/fotofestival-med-fokus-pa-miljo-i-la-gacilly-2020\/#breadcrumb\"},\"inLanguage\":\"sv-SE\",\"potentialAction\":[{\"@type\":\"ReadAction\",\"target\":[\"https:\/\/abspace.yves-rocher.com\/se\/sv\/fotofestival-med-fokus-pa-miljo-i-la-gacilly-2020\/\"]}]},{\"@type\":\"ImageObject\",\"inLanguage\":\"sv-SE\",\"@id\":\"https:\/\/abspace.yves-rocher.com\/se\/sv\/fotofestival-med-fokus-pa-miljo-i-la-gacilly-2020\/#primaryimage\",\"url\":\"https:\/\/abspace.yves-rocher.com\/se\/wp-content\/uploads\/sites\/12\/2020\/11\/2007_HP_push5_750x1036_5428656_3011188.jpg\",\"contentUrl\":\"https:\/\/abspace.yves-rocher.com\/se\/wp-content\/uploads\/sites\/12\/2020\/11\/2007_HP_push5_750x1036_5428656_3011188.jpg\",\"width\":750,\"height\":1036},{\"@type\":\"BreadcrumbList\",\"@id\":\"https:\/\/abspace.yves-rocher.com\/se\/sv\/fotofestival-med-fokus-pa-miljo-i-la-gacilly-2020\/#breadcrumb\",\"itemListElement\":[{\"@type\":\"ListItem\",\"position\":1,\"name\":\"Home\",\"item\":\"https:\/\/abspace.yves-rocher.com\/se\/sv\/\"},{\"@type\":\"ListItem\",\"position\":2,\"name\":\"Fotofestival &#8211; med fokus p\u00e5 milj\u00f6 i La Gacilly 2020\"}]},{\"@type\":\"WebSite\",\"@id\":\"https:\/\/abspace.yves-rocher.com\/se\/#website\",\"url\":\"https:\/\/abspace.yves-rocher.com\/se\/\",\"name\":\"Sweden YR AB\",\"description\":\"Just another Act Beautiful site\",\"potentialAction\":[{\"@type\":\"SearchAction\",\"target\":{\"@type\":\"EntryPoint\",\"urlTemplate\":\"https:\/\/abspace.yves-rocher.com\/se\/?s={search_term_string}\"},\"query-input\":{\"@type\":\"PropertyValueSpecification\",\"valueRequired\":true,\"valueName\":\"search_term_string\"}}],\"inLanguage\":\"sv-SE\"},{\"@type\":\"Person\",\"@id\":\"https:\/\/abspace.yves-rocher.com\/se\/#\/schema\/person\/4d3c10e04acd5e3623a86900ef5c83f9\",\"name\":\"valerieramarozatovo\",\"image\":{\"@type\":\"ImageObject\",\"inLanguage\":\"sv-SE\",\"@id\":\"https:\/\/abspace.yves-rocher.com\/se\/#\/schema\/person\/image\/\",\"url\":\"https:\/\/secure.gravatar.com\/avatar\/8ac7f4e97684591d06b5efb6e80489ae?s=96&d=mm&r=g\",\"contentUrl\":\"https:\/\/secure.gravatar.com\/avatar\/8ac7f4e97684591d06b5efb6e80489ae?s=96&d=mm&r=g\",\"caption\":\"valerieramarozatovo\"},\"url\":\"https:\/\/abspace.yves-rocher.com\/se\/sv\/author\/valerieramarozatovo\/\"}]}<\/script>\n<!-- \/ Yoast SEO plugin. -->","yoast_head_json":{"title":"Fotofestival i La Gacilly 2020 med fokus p\u00e5 milj\u00f6","description":"Missa inte 2020 \u00e5rs fotofestival i La Gacilly i Frankrike med foton som belyser utmaningarna med milj\u00f6n. I \u00e5r med fokus p\u00e5 Latinamerika.","robots":{"index":"index","follow":"follow","max-snippet":"max-snippet:-1","max-image-preview":"max-image-preview:large","max-video-preview":"max-video-preview:-1"},"canonical":"https:\/\/abspace.yves-rocher.com\/se\/sv\/fotofestival-med-fokus-pa-miljo-i-la-gacilly-2020\/","og_locale":"sv_SE","og_type":"article","og_title":"Fotofestival i La Gacilly 2020 med fokus p\u00e5 milj\u00f6","og_description":"Missa inte 2020 \u00e5rs fotofestival i La Gacilly i Frankrike med foton som belyser utmaningarna med milj\u00f6n. I \u00e5r med fokus p\u00e5 Latinamerika.","og_url":"https:\/\/abspace.yves-rocher.com\/se\/sv\/fotofestival-med-fokus-pa-miljo-i-la-gacilly-2020\/","og_site_name":"Sweden YR AB","article_published_time":"2020-11-25T12:00:54+00:00","article_modified_time":"2021-06-29T11:41:27+00:00","og_image":[{"width":750,"height":1036,"url":"https:\/\/abspace.yves-rocher.com\/se\/wp-content\/uploads\/sites\/12\/2020\/11\/2007_HP_push5_750x1036_5428656_3011188.jpg","type":"image\/jpeg"}],"author":"valerieramarozatovo","twitter_card":"summary_large_image","twitter_misc":{"Written by":"valerieramarozatovo"},"schema":{"@context":"https:\/\/schema.org","@graph":[{"@type":"WebPage","@id":"https:\/\/abspace.yves-rocher.com\/se\/sv\/fotofestival-med-fokus-pa-miljo-i-la-gacilly-2020\/","url":"https:\/\/abspace.yves-rocher.com\/se\/sv\/fotofestival-med-fokus-pa-miljo-i-la-gacilly-2020\/","name":"Fotofestival i La Gacilly 2020 med fokus p\u00e5 milj\u00f6","isPartOf":{"@id":"https:\/\/abspace.yves-rocher.com\/se\/#website"},"primaryImageOfPage":{"@id":"https:\/\/abspace.yves-rocher.com\/se\/sv\/fotofestival-med-fokus-pa-miljo-i-la-gacilly-2020\/#primaryimage"},"image":{"@id":"https:\/\/abspace.yves-rocher.com\/se\/sv\/fotofestival-med-fokus-pa-miljo-i-la-gacilly-2020\/#primaryimage"},"thumbnailUrl":"https:\/\/abspace.yves-rocher.com\/se\/wp-content\/uploads\/sites\/12\/2020\/11\/2007_HP_push5_750x1036_5428656_3011188.jpg","datePublished":"2020-11-25T12:00:54+00:00","dateModified":"2021-06-29T11:41:27+00:00","author":{"@id":"https:\/\/abspace.yves-rocher.com\/se\/#\/schema\/person\/4d3c10e04acd5e3623a86900ef5c83f9"},"description":"Missa inte 2020 \u00e5rs fotofestival i La Gacilly i Frankrike med foton som belyser utmaningarna med milj\u00f6n. I \u00e5r med fokus p\u00e5 Latinamerika.","breadcrumb":{"@id":"https:\/\/abspace.yves-rocher.com\/se\/sv\/fotofestival-med-fokus-pa-miljo-i-la-gacilly-2020\/#breadcrumb"},"inLanguage":"sv-SE","potentialAction":[{"@type":"ReadAction","target":["https:\/\/abspace.yves-rocher.com\/se\/sv\/fotofestival-med-fokus-pa-miljo-i-la-gacilly-2020\/"]}]},{"@type":"ImageObject","inLanguage":"sv-SE","@id":"https:\/\/abspace.yves-rocher.com\/se\/sv\/fotofestival-med-fokus-pa-miljo-i-la-gacilly-2020\/#primaryimage","url":"https:\/\/abspace.yves-rocher.com\/se\/wp-content\/uploads\/sites\/12\/2020\/11\/2007_HP_push5_750x1036_5428656_3011188.jpg","contentUrl":"https:\/\/abspace.yves-rocher.com\/se\/wp-content\/uploads\/sites\/12\/2020\/11\/2007_HP_push5_750x1036_5428656_3011188.jpg","width":750,"height":1036},{"@type":"BreadcrumbList","@id":"https:\/\/abspace.yves-rocher.com\/se\/sv\/fotofestival-med-fokus-pa-miljo-i-la-gacilly-2020\/#breadcrumb","itemListElement":[{"@type":"ListItem","position":1,"name":"Home","item":"https:\/\/abspace.yves-rocher.com\/se\/sv\/"},{"@type":"ListItem","position":2,"name":"Fotofestival &#8211; med fokus p\u00e5 milj\u00f6 i La Gacilly 2020"}]},{"@type":"WebSite","@id":"https:\/\/abspace.yves-rocher.com\/se\/#website","url":"https:\/\/abspace.yves-rocher.com\/se\/","name":"Sweden YR AB","description":"Just another Act Beautiful site","potentialAction":[{"@type":"SearchAction","target":{"@type":"EntryPoint","urlTemplate":"https:\/\/abspace.yves-rocher.com\/se\/?s={search_term_string}"},"query-input":{"@type":"PropertyValueSpecification","valueRequired":true,"valueName":"search_term_string"}}],"inLanguage":"sv-SE"},{"@type":"Person","@id":"https:\/\/abspace.yves-rocher.com\/se\/#\/schema\/person\/4d3c10e04acd5e3623a86900ef5c83f9","name":"valerieramarozatovo","image":{"@type":"ImageObject","inLanguage":"sv-SE","@id":"https:\/\/abspace.yves-rocher.com\/se\/#\/schema\/person\/image\/","url":"https:\/\/secure.gravatar.com\/avatar\/8ac7f4e97684591d06b5efb6e80489ae?s=96&d=mm&r=g","contentUrl":"https:\/\/secure.gravatar.com\/avatar\/8ac7f4e97684591d06b5efb6e80489ae?s=96&d=mm&r=g","caption":"valerieramarozatovo"},"url":"https:\/\/abspace.yves-rocher.com\/se\/sv\/author\/valerieramarozatovo\/"}]}},"_links":{"self":[{"href":"https:\/\/abspace.yves-rocher.com\/se\/ws\/wp\/v2\/posts\/4922","targetHints":{"allow":["GET"]}}],"collection":[{"href":"https:\/\/abspace.yves-rocher.com\/se\/ws\/wp\/v2\/posts"}],"about":[{"href":"https:\/\/abspace.yves-rocher.com\/se\/ws\/wp\/v2\/types\/post"}],"author":[{"embeddable":true,"href":"https:\/\/abspace.yves-rocher.com\/se\/ws\/wp\/v2\/users\/599583"}],"replies":[{"embeddable":true,"href":"https:\/\/abspace.yves-rocher.com\/se\/ws\/wp\/v2\/comments?post=4922"}],"version-history":[{"count":4,"href":"https:\/\/abspace.yves-rocher.com\/se\/ws\/wp\/v2\/posts\/4922\/revisions"}],"predecessor-version":[{"id":5949,"href":"https:\/\/abspace.yves-rocher.com\/se\/ws\/wp\/v2\/posts\/4922\/revisions\/5949"}],"wp:featuredmedia":[{"embeddable":true,"href":"https:\/\/abspace.yves-rocher.com\/se\/ws\/wp\/v2\/media\/5436"}],"wp:attachment":[{"href":"https:\/\/abspace.yves-rocher.com\/se\/ws\/wp\/v2\/media?parent=4922"}],"wp:term":[{"taxonomy":"category","embeddable":true,"href":"https:\/\/abspace.yves-rocher.com\/se\/ws\/wp\/v2\/categories?post=4922"},{"taxonomy":"post_tag","embeddable":true,"href":"https:\/\/abspace.yves-rocher.com\/se\/ws\/wp\/v2\/tags?post=4922"}],"curies":[{"name":"wp","href":"https:\/\/api.w.org\/{rel}","templated":true}]}}