{"id":11554,"date":"2022-11-09T14:34:48","date_gmt":"2022-11-09T14:34:48","guid":{"rendered":"https:\/\/abspace.yves-rocher.com\/?p=11554"},"modified":"2022-11-10T10:20:57","modified_gmt":"2022-11-10T10:20:57","slug":"les-extraordinaires-serums-yves-rocher","status":"publish","type":"post","link":"https:\/\/abspace.yves-rocher.com\/les-extraordinaires-serums-yves-rocher\/","title":{"rendered":"Les extraordinaires s\u00e9rums Yves Rocher"},"content":{"rendered":"<div id=\"pl-11554\"  class=\"panel-layout\" ><div id=\"pg-11554-0\"  class=\"panel-grid panel-no-style\" ><div id=\"pgc-11554-0-0\"  class=\"panel-grid-cell\" >            <div class=\"textWidget header-description \">\r\n                <p>La puissance du bourgeon et l\u2019expertise botanique d\u2019Yves Rocher au service d\u2019une gamme de soins anti-\u00e2ge experte : Anti-\u00e2ge global.  <\/p>\r\n            <\/div>\r\n    <\/div><\/div><div id=\"pg-11554-1\"  class=\"panel-grid panel-no-style\" ><div id=\"pgc-11554-1-0\"  class=\"panel-grid-cell\" ><div id=\"panel-11554-1-0-0\" class=\"so-panel widget widget_sow-editor panel-first-child panel-last-child\" data-index=\"1\" ><div\n\t\t\t\n\t\t\tclass=\"so-widget-sow-editor so-widget-sow-editor-base\"\n\t\t\t\n\t\t>\n<div class=\"siteorigin-widget-tinymce textwidget\">\n\t<h2 class=\"ewa-rteLine\">Un simple bourgeon, un puissant anti-\u00e2ge<\/h2>\n<div class=\"ewa-rteLine\">Au sein des Laboratoires Yves Rocher, la rencontre entre nos botanistes et nos phyto-analystes a donn\u00e9 naissance \u00e0 la gamme<strong> Anti-\u00c2ge Global et son actif anti-\u00e2ge in\u00e9dit biosinspir\u00e9 par la Gemmoth\u00e9rapie ou science des bourgeons.<\/strong><\/div>\n<div class=\"ewa-rteLine\">Les bourgeons sont connus pour avoir des <strong>propri\u00e9t\u00e9s sup\u00e9rieures par rapport aux plantes \"adultes\".<\/strong> Le bourgeon concentre \u00e0 lui seul tout le pouvoir du d\u00e9veloppement de la plante. Ses cellules contiennent une <strong>concentration plus \u00e9lev\u00e9e de vitamines, min\u00e9raux et d\u2019\u00e9l\u00e9ments-traces.<\/strong><\/div>\n<div class=\"ewa-rteLine\">\u00a0<\/div>\n<div class=\"ewa-rteLine\">C\u2019est <strong>7 ans de recherche en biotechnologie v\u00e9g\u00e9tale et vieillissement cellulaire autour du bourgeon<\/strong>, qui ont permis \u00e0 nos Chercheurs de s\u00e9lectionner ce<strong> Nectar de Bourgeon V\u00e9g\u00e9tal.<\/strong><\/div>\n<div class=\"ewa-rteLine\">Le concentr\u00e9 d\u2019efficacit\u00e9 botanique anti-\u00e2ge va agir au <strong>c\u0153ur des cellules de la peau pour un renouvellement cellulaire exceptionnel.<\/strong> Ainsi, cette innovation bioscience* nous a permis de cr\u00e9er un duo de s\u00e9rums experts et une gamme de produits unique pour<strong> corriger les signes de l\u2019\u00e2ge.<\/strong><\/div>\n<div>\u00a0<\/div>\n<div class=\"ewa-rteLine\"><em>(*) En biotechnologie v\u00e9g\u00e9tale et photo-vieillissement cellulaire<\/em><\/div>\n<\/div>\n<\/div><\/div><\/div><div id=\"pgc-11554-1-1\"  class=\"panel-grid-cell\" ><div id=\"panel-11554-1-1-0\" class=\"so-panel widget widget_sow-image panel-first-child panel-last-child\" data-index=\"2\" ><div\n\t\t\t\n\t\t\tclass=\"so-widget-sow-image so-widget-sow-image-default-8b5b6f678277-11554\"\n\t\t\t\n\t\t>\r\n\r\n\r\n<div class=\"sow-image-container\">\r\n    \r\n    <img loading=\"lazy\" decoding=\"async\" src=\"https:\/\/abspace.yves-rocher.com\/wp-content\/uploads\/sites\/1\/2020\/12\/Bourgeon.jpg\" width=\"1100\" height=\"619\" srcset=\"\"          class=\"so-widget-image\" \/>\r\n\r\n    \r\n    \r\n    <\/div>\r\n\r\n<\/div><\/div><\/div><\/div><div id=\"pg-11554-2\"  class=\"panel-grid panel-no-style\" ><div id=\"pgc-11554-2-0\"  class=\"panel-grid-cell\" ><div id=\"panel-11554-2-0-0\" class=\"so-panel widget widget_sow-image panel-first-child panel-last-child\" data-index=\"3\" ><div\n\t\t\t\n\t\t\tclass=\"so-widget-sow-image so-widget-sow-image-default-8b5b6f678277-11554\"\n\t\t\t\n\t\t>\r\n\r\n\r\n<div class=\"sow-image-container\">\r\n    \r\n    <img loading=\"lazy\" decoding=\"async\" src=\"https:\/\/abspace.yves-rocher.com\/wp-content\/uploads\/sites\/1\/2020\/12\/2102_S_HP_Article-3_S\u00e9rums-AAG_Visuel_2_1100x652.jpg\" width=\"1100\" height=\"652\" srcset=\"\"          class=\"so-widget-image\" \/>\r\n\r\n    \r\n    \r\n    <\/div>\r\n\r\n<\/div><\/div><\/div><div id=\"pgc-11554-2-1\"  class=\"panel-grid-cell\" ><div id=\"panel-11554-2-1-0\" class=\"so-panel widget widget_sow-editor panel-first-child panel-last-child\" data-index=\"4\" ><div\n\t\t\t\n\t\t\tclass=\"so-widget-sow-editor so-widget-sow-editor-base\"\n\t\t\t\n\t\t>\n<div class=\"siteorigin-widget-tinymce textwidget\">\n\t<h2>Une formule bi-phase unique<\/h2>\n<p>Sa texture innovante est constitu\u00e9e d\u2019un <strong>gel d\u2019acide hyaluronique naturel<\/strong>, contenant notre Nectar de Bourgeon <strong>\u00e0 la concentration doubl\u00e9e<\/strong> (par rapport \u00e0 la Supra Essence). Il est associ\u00e9 \u00e0 de l\u2019inositol de riz et oligosides de pommes <strong>pour une efficacit\u00e9 anti-\u00e2ge compl\u00e8te<\/strong> (b\u00e9n\u00e9fices : stimulation du m\u00e9tabolisme cellulaire pour l\u2019\u00e9clat et uniformit\u00e9 du teint, action sur le derme pour plus de fermet\u00e9 de la peau).<\/p>\n<p>Sur ce gel repose une phase dor\u00e9e, <strong>compos\u00e9e d\u2019huiles pr\u00e9cieuses de jojoba, de bourrache, de p\u00e9pin de raisin et de cameline<\/strong>, qui conf\u00e8re apr\u00e8s agitation et \u00e9talement une merveilleuse sensation de plaisir et de r\u00e9confort \u00e0 la peau.<br \/>L\u2019activation par dispersion fine de la phase huileuse dans le gel d\u2019acide hyaluronique, permet \u00e0 ce bi-phase d\u2019exprimer une signature sensorielle unique, avec une texture enveloppante, douce et l\u00e9g\u00e8re pour la peau.<\/p>\n<\/div>\n<\/div><\/div><\/div><\/div><div id=\"pg-11554-3\"  class=\"panel-grid panel-no-style\" ><div id=\"pgc-11554-3-0\"  class=\"panel-grid-cell\" ><div id=\"panel-11554-3-0-0\" class=\"so-panel widget widget_sow-editor panel-first-child panel-last-child\" data-index=\"5\" ><div\n\t\t\t\n\t\t\tclass=\"so-widget-sow-editor so-widget-sow-editor-base\"\n\t\t\t\n\t\t>\n<div class=\"siteorigin-widget-tinymce textwidget\">\n\t<h2>Une meilleure assimilation du nectar de bourgeon<\/h2>\n<p>En plus de cette haute sensorialit\u00e9, nos sp\u00e9cialistes de la peau ont d\u00e9montr\u00e9 que cette texture bi-phase augmente et am\u00e9liore l\u2019assimilation de notre nectar de bourgeon par la peau.<\/p>\n<p>Cela permet au bi-phase de ne pas seulement \u00eatre une formule tr\u00e8s belle \u00e0 voir et \u00e0 appliquer, mais de devenir aussi et surtout un <strong>v\u00e9ritable vecteur d\u2019impr\u00e9gnation de notre actif<\/strong> dans l\u2019ensemble des couches de la peau, jusqu\u2019au derme, si\u00e8ge de son activit\u00e9.<\/p>\n<\/div>\n<\/div><\/div><\/div><div id=\"pgc-11554-3-1\"  class=\"panel-grid-cell\" ><div id=\"panel-11554-3-1-0\" class=\"so-panel widget widget_sow-image panel-first-child panel-last-child\" data-index=\"6\" ><div\n\t\t\t\n\t\t\tclass=\"so-widget-sow-image so-widget-sow-image-default-8b5b6f678277-11554\"\n\t\t\t\n\t\t>\r\n\r\n\r\n<div class=\"sow-image-container\">\r\n    \r\n    <img loading=\"lazy\" decoding=\"async\" src=\"https:\/\/abspace.yves-rocher.com\/wp-content\/uploads\/sites\/1\/2020\/12\/2102_S_HP_Article-3_S\u00e9rums-AAG_Visuel_3_1100x652.jpg\" width=\"1100\" height=\"652\" srcset=\"\"          class=\"so-widget-image\" \/>\r\n\r\n    \r\n    \r\n    <\/div>\r\n\r\n<\/div><\/div><\/div><\/div><div id=\"pg-11554-4\"  class=\"panel-grid panel-no-style\" ><div id=\"pgc-11554-4-0\"  class=\"panel-grid-cell\" ><div id=\"panel-11554-4-0-0\" class=\"so-panel widget widget_sow-image panel-first-child panel-last-child\" data-index=\"7\" ><div\n\t\t\t\n\t\t\tclass=\"so-widget-sow-image so-widget-sow-image-default-8b5b6f678277-11554\"\n\t\t\t\n\t\t>\r\n\r\n\r\n<div class=\"sow-image-container\">\r\n    \r\n    <img loading=\"lazy\" decoding=\"async\" src=\"https:\/\/abspace.yves-rocher.com\/wp-content\/uploads\/sites\/1\/2020\/12\/2102_S_HP_Article-3_S\u00e9rums-AAG_Visuel_5_1100x652.jpg\" width=\"1100\" height=\"652\" srcset=\"\"          class=\"so-widget-image\" \/>\r\n\r\n    \r\n    \r\n    <\/div>\r\n\r\n<\/div><\/div><\/div><div id=\"pgc-11554-4-1\"  class=\"panel-grid-cell\" ><div id=\"panel-11554-4-1-0\" class=\"so-panel widget widget_sow-editor panel-first-child panel-last-child\" data-index=\"8\" ><div\n\t\t\t\n\t\t\tclass=\"so-widget-sow-editor so-widget-sow-editor-base\"\n\t\t\t\n\t\t>\n<div class=\"siteorigin-widget-tinymce textwidget\">\n\t<h2 class=\"ewa-rteLine\">Anti-\u00e2ge global, joyau du portefeuille anti-\u00e2ge Yves Rocher<\/h2>\n<div class=\"ewa-rteLine\">Aujourd\u2019hui, Anti-\u00c2ge Global est le joyau de notre portefeuille anti-\u00e2ge chez Yves Rocher. C\u2019est une gamme qui concentre un <strong>savoir-faire unique et qui permet de corriger en profondeur tous les signes de l\u2019\u00e2ge et de sublimer la peau.<\/strong><\/div>\n<div class=\"ewa-rteLine\">\u00a0<\/div>\n<div class=\"ewa-rteLine\">Au c\u0153ur de cette gamme, notre s\u00e9rum star : la<strong> Supra Essence Correctrice.<\/strong> Formul\u00e9e \u00e0 95% d\u2019ingr\u00e9dients d\u2019origine naturelle, la<strong> Supra Essence Correctrice corrige tous les signes de l\u2019\u00e2ge et offre ainsi \u00e0 votre peau fermet\u00e9 (2), densit\u00e9 (3), r\u00e9duction des rides (4), \u00e9clat et teint uniforme (5).<\/strong><\/div>\n<div class=\"ewa-rteLine\">\u00a0<\/div>\n<div class=\"ewa-rteLine\">Imm\u00e9diatement, le grain de peau est plus fin, la peau est liss\u00e9e et \u00e9clatante. J<strong>our apr\u00e8s jour, les rides paraissent r\u00e9duites, la peau plus ferme et le teint plus uniforme. En 1 mois, la peau est redensifi\u00e9e et revitalis\u00e9e.<\/strong><\/div>\n<\/div>\n<\/div><\/div><\/div><\/div><div id=\"pg-11554-5\"  class=\"panel-grid panel-no-style\" ><div id=\"pgc-11554-5-0\"  class=\"panel-grid-cell panel-grid-cell-empty\" ><\/div><div id=\"pgc-11554-5-1\"  class=\"panel-grid-cell panel-grid-cell-mobile-last\" ><div id=\"panel-11554-5-1-0\" class=\"so-panel widget panel-first-child panel-last-child\" data-index=\"9\" ><\/div><\/div><div id=\"pgc-11554-5-2\"  class=\"panel-grid-cell panel-grid-cell-empty\" ><\/div><\/div><div id=\"pg-11554-6\"  class=\"panel-grid panel-no-style\" ><div id=\"pgc-11554-6-0\"  class=\"panel-grid-cell\" ><div id=\"panel-11554-6-0-0\" class=\"so-panel widget panel-first-child panel-last-child\" data-index=\"10\" ><\/div><\/div><\/div><div id=\"pg-11554-7\"  class=\"panel-grid panel-no-style\" ><div id=\"pgc-11554-7-0\"  class=\"panel-grid-cell\" ><div id=\"panel-11554-7-0-0\" class=\"so-panel widget widget_sow-editor panel-first-child panel-last-child\" data-index=\"11\" ><div\n\t\t\t\n\t\t\tclass=\"so-widget-sow-editor so-widget-sow-editor-base\"\n\t\t\t\n\t\t>\n<div class=\"siteorigin-widget-tinymce textwidget\">\n\t<h2>Pour la suite ?<\/h2>\n<p>Pour aller un cran plus loin et pousser davantage encore le curseur de l\u2019expertise Anti Age Global, nous nous sommes int\u00e9ress\u00e9s \u00e0 un moment cl\u00e9 pour la r\u00e9g\u00e9n\u00e9ration de la peau : la phase de sommeil.<br \/>Et oui, <strong>la nuit, c\u2019est vraiment LE moment o\u00f9 la multiplication des cellules est maximale<\/strong>, surtout entre 1h et 2h du matin. On appelle cela de la <strong>chronobiologie<\/strong> : c\u2019est une sorte de cycle ou encore un syst\u00e8me d\u2019horloge interne qui permet \u00e0 la peau d\u2019atteindre un pic de r\u00e9g\u00e9n\u00e9ration durant le sommeil. <strong>Ce moment de forte activit\u00e9 m\u00e9tabolique est aussi le moment o\u00f9 la p\u00e9n\u00e9tration des actifs au c\u0153ur de la peau est la meilleure<\/strong>.<\/p>\n<p>Nous avons donc d\u00e9cid\u00e9 de capitaliser nos efforts de recherche sur ce moment cl\u00e9 \u00e0 savoir la <strong>Nuit<\/strong>, car il nous semblait tout \u00e0 fait logique de proposer un produit sur-concentr\u00e9 en actifs avec une texture p\u00e9n\u00e9trante que l\u2019on pourrait appliquer le soir. Tout ceci bien entendu afin de proposer une <strong>routine soin compl\u00e8te et experte au sein d\u2019Anti-Age Global.<\/strong><\/p>\n<\/div>\n<\/div><\/div><\/div><div id=\"pgc-11554-7-1\"  class=\"panel-grid-cell\" ><div id=\"panel-11554-7-1-0\" class=\"so-panel widget widget_sow-image panel-first-child panel-last-child\" data-index=\"12\" ><div\n\t\t\t\n\t\t\tclass=\"so-widget-sow-image so-widget-sow-image-default-8b5b6f678277-11554\"\n\t\t\t\n\t\t>\r\n\r\n\r\n<div class=\"sow-image-container\">\r\n    \r\n    <img loading=\"lazy\" decoding=\"async\" src=\"https:\/\/abspace.yves-rocher.com\/wp-content\/uploads\/sites\/1\/2020\/12\/2102_S_HP_Article-3_S\u00e9rums-AAG_Visuel_6_1100x652.jpg\" width=\"1100\" height=\"652\" srcset=\"\"          class=\"so-widget-image\" \/>\r\n\r\n    \r\n    \r\n    <\/div>\r\n\r\n<\/div><\/div><\/div><\/div><div id=\"pg-11554-8\"  class=\"panel-grid panel-no-style\" ><div id=\"pgc-11554-8-0\"  class=\"panel-grid-cell panel-grid-cell-empty\" ><\/div><div id=\"pgc-11554-8-1\"  class=\"panel-grid-cell panel-grid-cell-mobile-last\" ><div id=\"panel-11554-8-1-0\" class=\"so-panel widget panel-first-child panel-last-child\" data-index=\"13\" ><\/div><\/div><div id=\"pgc-11554-8-2\"  class=\"panel-grid-cell panel-grid-cell-empty\" ><\/div><\/div><div id=\"pg-11554-9\"  class=\"panel-grid panel-no-style\" ><div id=\"pgc-11554-9-0\"  class=\"panel-grid-cell\" ><div id=\"panel-11554-9-0-0\" class=\"so-panel widget widget_sow-image panel-first-child panel-last-child\" data-index=\"14\" ><div\n\t\t\t\n\t\t\tclass=\"so-widget-sow-image so-widget-sow-image-default-8b5b6f678277-11554\"\n\t\t\t\n\t\t>\r\n\r\n\r\n<div class=\"sow-image-container\">\r\n    \r\n    <img loading=\"lazy\" decoding=\"async\" src=\"https:\/\/abspace.yves-rocher.com\/wp-content\/uploads\/sites\/1\/2020\/12\/2102_S_HP_Article-3_S\u00e9rums-AAG_Visuel_7_1100x652.jpg\" width=\"1100\" height=\"652\" srcset=\"\"          class=\"so-widget-image\" \/>\r\n\r\n    \r\n    \r\n    <\/div>\r\n\r\n<\/div><\/div><\/div><div id=\"pgc-11554-9-1\"  class=\"panel-grid-cell\" ><div id=\"panel-11554-9-1-0\" class=\"so-panel widget widget_sow-editor panel-first-child panel-last-child\" data-index=\"15\" ><div\n\t\t\t\n\t\t\tclass=\"so-widget-sow-editor so-widget-sow-editor-base\"\n\t\t\t\n\t\t>\n<div class=\"siteorigin-widget-tinymce textwidget\">\n\t<h2 class=\"ewa-rteLine\">Des r\u00e9sultats peau exceptionnels<\/h2>\n<div class=\"ewa-rteLine\">Comme le reste de la gamme, ce duo de s\u00e9rums pr\u00e9sente des<strong> r\u00e9sultats exceptionnels.<\/strong><\/div>\n<div class=\"ewa-rteLine\">\u00a0<\/div>\n<div class=\"ewa-rteLine\">Notre <strong>Supra Essence Correctrice<\/strong> agit en profondeur sur la r\u00e9g\u00e9n\u00e9ration des cellules avec <strong>+43 % de renouvellement cellulaire apr\u00e8s 10 jours<\/strong>(1). Les <strong>signes de l\u2019\u00e2ge sont corrig\u00e9s<\/strong> et la peau est plus <strong>ferme<\/strong> (2), <strong>redensifi\u00e9e<\/strong>(3) et les <strong>rides sont r\u00e9duites de 12% imm\u00e9diatement<\/strong> (4).<\/div>\n<div class=\"ewa-rteLine\">\u00a0<\/div>\n<div class=\"ewa-rteLine\">Enfin, l\u2019alliance quotidienne de la <strong>Supra Essence Correctrice et du Concentr\u00e9 Bi-phase R\u00e9cup\u00e9rateur de Nuit permet un renouvellement cellulaire exceptionnel d\u00e8s 72h<\/strong>. C\u2019est le combo parfait de tous les jours, naturel et expert \u00e0 la fois, avec une action anti-\u00e2ge d\u00e9cupl\u00e9e de jour comme de nuit.<\/div>\n<div>\u00a0<\/div>\n<div>\u00a0<\/div>\n<\/div>\n<\/div><\/div><\/div><\/div><div id=\"pg-11554-10\"  class=\"panel-grid panel-no-style\" ><div id=\"pgc-11554-10-0\"  class=\"panel-grid-cell\" ><div id=\"panel-11554-10-0-0\" class=\"so-panel widget panel-first-child\" data-index=\"16\" ><\/div><div id=\"panel-11554-10-0-1\" class=\"so-panel widget widget_sow-editor panel-last-child\" data-index=\"17\" ><div\n\t\t\t\n\t\t\tclass=\"so-widget-sow-editor so-widget-sow-editor-base\"\n\t\t\t\n\t\t>\n<div class=\"siteorigin-widget-tinymce textwidget\">\n\t<p>\u00a0<\/p>\n<div class=\"ewa-rteLine\">\u00a0<\/div>\n<div class=\"ewa-rteLine\">\u00a0<\/div>\n<div class=\"ewa-rteLine\"><em>(1) Etude clinique objectiv\u00e9e r\u00e9alis\u00e9e sur 19 cas en application biquotidienne (analyse d\u2019images)<\/em><\/div>\n<div class=\"ewa-rteLine\"><em>(2) Etude clinique objectiv\u00e9e r\u00e9alis\u00e9e sur 20 cas apr\u00e8s 28 jours d\u2019utilisation en application biquotidienne (cutom\u00e8tre)<\/em><\/div>\n<div class=\"ewa-rteLine\"><em>(3) Etude clinique objectiv\u00e9e r\u00e9alis\u00e9e sur 21 cas apr\u00e8s 28 jours d\u2019utilisation en application biquotidienne (\u00e9chographie)<\/em><\/div>\n<div class=\"ewa-rteLine\"><em>(4) Etude clinique objectiv\u00e9e r\u00e9alis\u00e9e sur 20 cas en application biquotidienne (projection de franges : volume et profondeur)<\/em><\/div>\n<div><i>(5)<\/i> <i>Self-assessment test on 21 women after 28 days of use applying twice daily<\/i><\/div>\n<\/div>\n<\/div><\/div><\/div><\/div><\/div>","protected":false},"excerpt":{"rendered":"<p>Un simple bourgeon, un puissant anti-\u00e2geAu sein des Laboratoires Yves Rocher, la rencontre entre nos botanistes et nos phyto-analystes a donn\u00e9 naissance \u00e0 la gamme Anti-\u00c2ge Global et son actif anti-\u00e2ge in\u00e9dit biosinspir\u00e9 par la Gemmoth\u00e9rapie ou science des bourgeons.Les bourgeons sont connus pour avoir des propri\u00e9t\u00e9s sup\u00e9rieures par rapport aux plantes &#8220;adultes&#8221;. Le bourgeon &hellip; <a href=\"https:\/\/abspace.yves-rocher.com\/les-extraordinaires-serums-yves-rocher\/\" class=\"more-link\">Continue reading<span class=\"screen-reader-text\"> &#8220;Les extraordinaires s\u00e9rums Yves Rocher&#8221;<\/span><\/a><\/p>\n","protected":false},"author":974212,"featured_media":11546,"comment_status":"open","ping_status":"open","sticky":false,"template":"","format":"standard","meta":{"_acf_changed":false,"footnotes":""},"categories":[180],"tags":[],"class_list":["post-11554","post","type-post","status-publish","format-standard","has-post-thumbnail","hentry","category-uncategorized-fr"],"acf":[],"yoast_head":"<!-- This site is optimized with the Yoast SEO plugin v24.7 - https:\/\/yoast.com\/wordpress\/plugins\/seo\/ -->\n<title>Les extraordinaires s\u00e9rums Yves Rocher - CENTRAL YR AB<\/title>\n<meta name=\"robots\" content=\"index, follow, max-snippet:-1, max-image-preview:large, max-video-preview:-1\" \/>\n<link rel=\"canonical\" href=\"https:\/\/abspace.yves-rocher.com\/les-extraordinaires-serums-yves-rocher\/\" \/>\n<meta property=\"og:locale\" content=\"fr_FR\" \/>\n<meta property=\"og:type\" content=\"article\" \/>\n<meta property=\"og:title\" content=\"Les extraordinaires s\u00e9rums Yves Rocher - CENTRAL YR AB\" \/>\n<meta property=\"og:description\" content=\"Un simple bourgeon, un puissant anti-\u00e2geAu sein des Laboratoires Yves Rocher, la rencontre entre nos botanistes et nos phyto-analystes a donn\u00e9 naissance \u00e0 la gamme Anti-\u00c2ge Global et son actif anti-\u00e2ge in\u00e9dit biosinspir\u00e9 par la Gemmoth\u00e9rapie ou science des bourgeons.Les bourgeons sont connus pour avoir des propri\u00e9t\u00e9s sup\u00e9rieures par rapport aux plantes &quot;adultes&quot;. Le bourgeon &hellip; Continue reading &quot;Les extraordinaires s\u00e9rums Yves Rocher&quot;\" \/>\n<meta property=\"og:url\" content=\"https:\/\/abspace.yves-rocher.com\/les-extraordinaires-serums-yves-rocher\/\" \/>\n<meta property=\"og:site_name\" content=\"CENTRAL YR AB\" \/>\n<meta property=\"article:published_time\" content=\"2022-11-09T14:34:48+00:00\" \/>\n<meta property=\"article:modified_time\" content=\"2022-11-10T10:20:57+00:00\" \/>\n<meta property=\"og:image\" content=\"https:\/\/abspace.yves-rocher.com\/wp-content\/uploads\/sites\/1\/2020\/12\/Yves-Rochers-extraordinary-serums.jpg\" \/>\n\t<meta property=\"og:image:width\" content=\"750\" \/>\n\t<meta property=\"og:image:height\" content=\"1036\" \/>\n\t<meta property=\"og:image:type\" content=\"image\/jpeg\" \/>\n<meta name=\"author\" content=\"camillejouannic\" \/>\n<meta name=\"twitter:card\" content=\"summary_large_image\" \/>\n<meta name=\"twitter:label1\" content=\"Written by\" \/>\n\t<meta name=\"twitter:data1\" content=\"camillejouannic\" \/>\n<script type=\"application\/ld+json\" class=\"yoast-schema-graph\">{\"@context\":\"https:\/\/schema.org\",\"@graph\":[{\"@type\":\"WebPage\",\"@id\":\"https:\/\/abspace.yves-rocher.com\/les-extraordinaires-serums-yves-rocher\/\",\"url\":\"https:\/\/abspace.yves-rocher.com\/les-extraordinaires-serums-yves-rocher\/\",\"name\":\"Les extraordinaires s\u00e9rums Yves Rocher - CENTRAL YR AB\",\"isPartOf\":{\"@id\":\"https:\/\/abspace.yves-rocher.com\/#website\"},\"primaryImageOfPage\":{\"@id\":\"https:\/\/abspace.yves-rocher.com\/les-extraordinaires-serums-yves-rocher\/#primaryimage\"},\"image\":{\"@id\":\"https:\/\/abspace.yves-rocher.com\/les-extraordinaires-serums-yves-rocher\/#primaryimage\"},\"thumbnailUrl\":\"https:\/\/abspace.yves-rocher.com\/wp-content\/uploads\/sites\/1\/2020\/12\/Yves-Rochers-extraordinary-serums.jpg\",\"datePublished\":\"2022-11-09T14:34:48+00:00\",\"dateModified\":\"2022-11-10T10:20:57+00:00\",\"author\":{\"@id\":\"https:\/\/abspace.yves-rocher.com\/#\/schema\/person\/3cd438fbf5d85c941ec18a76492d87c2\"},\"breadcrumb\":{\"@id\":\"https:\/\/abspace.yves-rocher.com\/les-extraordinaires-serums-yves-rocher\/#breadcrumb\"},\"inLanguage\":\"fr-FR\",\"potentialAction\":[{\"@type\":\"ReadAction\",\"target\":[\"https:\/\/abspace.yves-rocher.com\/les-extraordinaires-serums-yves-rocher\/\"]}]},{\"@type\":\"ImageObject\",\"inLanguage\":\"fr-FR\",\"@id\":\"https:\/\/abspace.yves-rocher.com\/les-extraordinaires-serums-yves-rocher\/#primaryimage\",\"url\":\"https:\/\/abspace.yves-rocher.com\/wp-content\/uploads\/sites\/1\/2020\/12\/Yves-Rochers-extraordinary-serums.jpg\",\"contentUrl\":\"https:\/\/abspace.yves-rocher.com\/wp-content\/uploads\/sites\/1\/2020\/12\/Yves-Rochers-extraordinary-serums.jpg\",\"width\":750,\"height\":1036},{\"@type\":\"BreadcrumbList\",\"@id\":\"https:\/\/abspace.yves-rocher.com\/les-extraordinaires-serums-yves-rocher\/#breadcrumb\",\"itemListElement\":[{\"@type\":\"ListItem\",\"position\":1,\"name\":\"Home\",\"item\":\"https:\/\/abspace.yves-rocher.com\/\"},{\"@type\":\"ListItem\",\"position\":2,\"name\":\"Les extraordinaires s\u00e9rums Yves Rocher\"}]},{\"@type\":\"WebSite\",\"@id\":\"https:\/\/abspace.yves-rocher.com\/#website\",\"url\":\"https:\/\/abspace.yves-rocher.com\/\",\"name\":\"CENTRAL YR AB\",\"description\":\"CENTRAL YR AB\",\"potentialAction\":[{\"@type\":\"SearchAction\",\"target\":{\"@type\":\"EntryPoint\",\"urlTemplate\":\"https:\/\/abspace.yves-rocher.com\/?s={search_term_string}\"},\"query-input\":{\"@type\":\"PropertyValueSpecification\",\"valueRequired\":true,\"valueName\":\"search_term_string\"}}],\"inLanguage\":\"fr-FR\"},{\"@type\":\"Person\",\"@id\":\"https:\/\/abspace.yves-rocher.com\/#\/schema\/person\/3cd438fbf5d85c941ec18a76492d87c2\",\"name\":\"camillejouannic\",\"image\":{\"@type\":\"ImageObject\",\"inLanguage\":\"fr-FR\",\"@id\":\"https:\/\/abspace.yves-rocher.com\/#\/schema\/person\/image\/\",\"url\":\"https:\/\/secure.gravatar.com\/avatar\/57b1d94aa890961f2940af4448c70937?s=96&d=mm&r=g\",\"contentUrl\":\"https:\/\/secure.gravatar.com\/avatar\/57b1d94aa890961f2940af4448c70937?s=96&d=mm&r=g\",\"caption\":\"camillejouannic\"},\"url\":\"https:\/\/abspace.yves-rocher.com\/author\/camillejouannic\/\"}]}<\/script>\n<!-- \/ Yoast SEO plugin. -->","yoast_head_json":{"title":"Les extraordinaires s\u00e9rums Yves Rocher - CENTRAL YR AB","robots":{"index":"index","follow":"follow","max-snippet":"max-snippet:-1","max-image-preview":"max-image-preview:large","max-video-preview":"max-video-preview:-1"},"canonical":"https:\/\/abspace.yves-rocher.com\/les-extraordinaires-serums-yves-rocher\/","og_locale":"fr_FR","og_type":"article","og_title":"Les extraordinaires s\u00e9rums Yves Rocher - CENTRAL YR AB","og_description":"Un simple bourgeon, un puissant anti-\u00e2geAu sein des Laboratoires Yves Rocher, la rencontre entre nos botanistes et nos phyto-analystes a donn\u00e9 naissance \u00e0 la gamme Anti-\u00c2ge Global et son actif anti-\u00e2ge in\u00e9dit biosinspir\u00e9 par la Gemmoth\u00e9rapie ou science des bourgeons.Les bourgeons sont connus pour avoir des propri\u00e9t\u00e9s sup\u00e9rieures par rapport aux plantes \"adultes\". Le bourgeon &hellip; Continue reading \"Les extraordinaires s\u00e9rums Yves Rocher\"","og_url":"https:\/\/abspace.yves-rocher.com\/les-extraordinaires-serums-yves-rocher\/","og_site_name":"CENTRAL YR AB","article_published_time":"2022-11-09T14:34:48+00:00","article_modified_time":"2022-11-10T10:20:57+00:00","og_image":[{"width":750,"height":1036,"url":"https:\/\/abspace.yves-rocher.com\/wp-content\/uploads\/sites\/1\/2020\/12\/Yves-Rochers-extraordinary-serums.jpg","type":"image\/jpeg"}],"author":"camillejouannic","twitter_card":"summary_large_image","twitter_misc":{"Written by":"camillejouannic"},"schema":{"@context":"https:\/\/schema.org","@graph":[{"@type":"WebPage","@id":"https:\/\/abspace.yves-rocher.com\/les-extraordinaires-serums-yves-rocher\/","url":"https:\/\/abspace.yves-rocher.com\/les-extraordinaires-serums-yves-rocher\/","name":"Les extraordinaires s\u00e9rums Yves Rocher - CENTRAL YR AB","isPartOf":{"@id":"https:\/\/abspace.yves-rocher.com\/#website"},"primaryImageOfPage":{"@id":"https:\/\/abspace.yves-rocher.com\/les-extraordinaires-serums-yves-rocher\/#primaryimage"},"image":{"@id":"https:\/\/abspace.yves-rocher.com\/les-extraordinaires-serums-yves-rocher\/#primaryimage"},"thumbnailUrl":"https:\/\/abspace.yves-rocher.com\/wp-content\/uploads\/sites\/1\/2020\/12\/Yves-Rochers-extraordinary-serums.jpg","datePublished":"2022-11-09T14:34:48+00:00","dateModified":"2022-11-10T10:20:57+00:00","author":{"@id":"https:\/\/abspace.yves-rocher.com\/#\/schema\/person\/3cd438fbf5d85c941ec18a76492d87c2"},"breadcrumb":{"@id":"https:\/\/abspace.yves-rocher.com\/les-extraordinaires-serums-yves-rocher\/#breadcrumb"},"inLanguage":"fr-FR","potentialAction":[{"@type":"ReadAction","target":["https:\/\/abspace.yves-rocher.com\/les-extraordinaires-serums-yves-rocher\/"]}]},{"@type":"ImageObject","inLanguage":"fr-FR","@id":"https:\/\/abspace.yves-rocher.com\/les-extraordinaires-serums-yves-rocher\/#primaryimage","url":"https:\/\/abspace.yves-rocher.com\/wp-content\/uploads\/sites\/1\/2020\/12\/Yves-Rochers-extraordinary-serums.jpg","contentUrl":"https:\/\/abspace.yves-rocher.com\/wp-content\/uploads\/sites\/1\/2020\/12\/Yves-Rochers-extraordinary-serums.jpg","width":750,"height":1036},{"@type":"BreadcrumbList","@id":"https:\/\/abspace.yves-rocher.com\/les-extraordinaires-serums-yves-rocher\/#breadcrumb","itemListElement":[{"@type":"ListItem","position":1,"name":"Home","item":"https:\/\/abspace.yves-rocher.com\/"},{"@type":"ListItem","position":2,"name":"Les extraordinaires s\u00e9rums Yves Rocher"}]},{"@type":"WebSite","@id":"https:\/\/abspace.yves-rocher.com\/#website","url":"https:\/\/abspace.yves-rocher.com\/","name":"CENTRAL YR AB","description":"CENTRAL YR AB","potentialAction":[{"@type":"SearchAction","target":{"@type":"EntryPoint","urlTemplate":"https:\/\/abspace.yves-rocher.com\/?s={search_term_string}"},"query-input":{"@type":"PropertyValueSpecification","valueRequired":true,"valueName":"search_term_string"}}],"inLanguage":"fr-FR"},{"@type":"Person","@id":"https:\/\/abspace.yves-rocher.com\/#\/schema\/person\/3cd438fbf5d85c941ec18a76492d87c2","name":"camillejouannic","image":{"@type":"ImageObject","inLanguage":"fr-FR","@id":"https:\/\/abspace.yves-rocher.com\/#\/schema\/person\/image\/","url":"https:\/\/secure.gravatar.com\/avatar\/57b1d94aa890961f2940af4448c70937?s=96&d=mm&r=g","contentUrl":"https:\/\/secure.gravatar.com\/avatar\/57b1d94aa890961f2940af4448c70937?s=96&d=mm&r=g","caption":"camillejouannic"},"url":"https:\/\/abspace.yves-rocher.com\/author\/camillejouannic\/"}]}},"_links":{"self":[{"href":"https:\/\/abspace.yves-rocher.com\/ws\/wp\/v2\/posts\/11554","targetHints":{"allow":["GET"]}}],"collection":[{"href":"https:\/\/abspace.yves-rocher.com\/ws\/wp\/v2\/posts"}],"about":[{"href":"https:\/\/abspace.yves-rocher.com\/ws\/wp\/v2\/types\/post"}],"author":[{"embeddable":true,"href":"https:\/\/abspace.yves-rocher.com\/ws\/wp\/v2\/users\/974212"}],"replies":[{"embeddable":true,"href":"https:\/\/abspace.yves-rocher.com\/ws\/wp\/v2\/comments?post=11554"}],"version-history":[{"count":1,"href":"https:\/\/abspace.yves-rocher.com\/ws\/wp\/v2\/posts\/11554\/revisions"}],"predecessor-version":[{"id":11555,"href":"https:\/\/abspace.yves-rocher.com\/ws\/wp\/v2\/posts\/11554\/revisions\/11555"}],"wp:featuredmedia":[{"embeddable":true,"href":"https:\/\/abspace.yves-rocher.com\/ws\/wp\/v2\/media\/11546"}],"wp:attachment":[{"href":"https:\/\/abspace.yves-rocher.com\/ws\/wp\/v2\/media?parent=11554"}],"wp:term":[{"taxonomy":"category","embeddable":true,"href":"https:\/\/abspace.yves-rocher.com\/ws\/wp\/v2\/categories?post=11554"},{"taxonomy":"post_tag","embeddable":true,"href":"https:\/\/abspace.yves-rocher.com\/ws\/wp\/v2\/tags?post=11554"}],"curies":[{"name":"wp","href":"https:\/\/api.w.org\/{rel}","templated":true}]}}