{"id":1306,"date":"2017-04-13T10:24:22","date_gmt":"2017-04-13T10:24:22","guid":{"rendered":"http:\/\/abspace.yves-rocher.com\/?p=1306"},"modified":"2017-06-20T11:37:01","modified_gmt":"2017-06-20T11:37:01","slug":"rituel-beaute-du-monde-chevelure-de-reve","status":"publish","type":"post","link":"https:\/\/abspace.yves-rocher.com\/rituel-beaute-du-monde-chevelure-de-reve\/","title":{"rendered":"Rituel beaut\u00e9 du monde,<\/br> chevelure de r\u00eave"},"content":{"rendered":"<div id=\"pl-1306\"  class=\"panel-layout\" ><div id=\"pg-1306-0\"  class=\"panel-grid panel-no-style\" ><div id=\"pgc-1306-0-0\"  class=\"panel-grid-cell\" ><div id=\"panel-1306-0-0-0\" class=\"so-panel widget widget_sow-editor panel-first-child panel-last-child\" data-index=\"0\" ><div\n\t\t\t\n\t\t\tclass=\"so-widget-sow-editor so-widget-sow-editor-base\"\n\t\t\t\n\t\t>\n<div class=\"siteorigin-widget-tinymce textwidget\">\n\t<h2 style=\"text-align: center;\"><strong>Des cheveux volumineux et soyeux, c'est le secret de Greta, Charg\u00e9e de Communication Digitale \u00e0 Milan !<\/strong><\/h2>\n<\/div>\n<\/div><\/div><\/div><\/div><div id=\"pg-1306-1\"  class=\"panel-grid panel-no-style\" ><div id=\"pgc-1306-1-0\"  class=\"panel-grid-cell\" ><div id=\"panel-1306-1-0-0\" class=\"so-panel widget widget_sow-image panel-first-child\" data-index=\"1\" ><div\n\t\t\t\n\t\t\tclass=\"so-widget-sow-image so-widget-sow-image-default-8b5b6f678277-1306\"\n\t\t\t\n\t\t>\r\n\r\n\r\n<div class=\"sow-image-container\">\r\n    \r\n    <img loading=\"lazy\" decoding=\"async\" src=\"https:\/\/abspace.yves-rocher.com\/wp-content\/uploads\/sites\/1\/2017\/04\/1707_Beaute-Monde_Image1_1100x1100.jpg\" width=\"1100\" height=\"1646\" srcset=\"\" title=\"Des cheveux volumineux et soyeux, c&#039;est le secret de Greta, Charg\u00e9e de Communication Digitale \u00e0 Milan !\"          class=\"so-widget-image\" \/>\r\n\r\n    \r\n    \r\n    <\/div>\r\n\r\n<\/div><\/div><div id=\"panel-1306-1-0-1\" class=\"so-panel widget panel-last-child\" data-index=\"2\" ><\/div><\/div><div id=\"pgc-1306-1-1\"  class=\"panel-grid-cell\" ><div id=\"panel-1306-1-1-0\" class=\"so-panel widget widget_sow-editor panel-first-child\" data-index=\"3\" ><div\n\t\t\t\n\t\t\tclass=\"so-widget-sow-editor so-widget-sow-editor-base\"\n\t\t\t\n\t\t>\n<div class=\"siteorigin-widget-tinymce textwidget\">\n\t<h3 style=\"text-align: left;\">\u00a0<strong>Au quotidien<\/strong><\/h3>\n<p style=\"text-align: justify;\">Le vrai secret d'une mine \u00e9clatante : une touche de BB Cr\u00e8me accompagn\u00e9 de blush pour rehausser le teint. Pour une allure irr\u00e9prochable, <strong>miser sur des cheveux rayonnants et en pleine sant\u00e9<\/strong> ! Pour cela, rien de tel que des produits les plus naturels possible, sans silicone, parab\u00e8ne ni colorant, en espa\u00e7ant les soins. Tous les 3 jours, je bichonne mes cheveux gr\u00e2ce au <a href=\"http:\/\/google.com\">Shampooing et apr\u00e8s-Shampooing Brillance<\/a>. 1 fois par semaine, j'applique le <a href=\"http:\/\/google.com\">Vinaigre de Rin\u00e7age<\/a> pour <strong>raviver leur \u00e9clat<\/strong>. Essayez, et voyez par vous-m\u00eame !<\/p>\n<h3 style=\"text-align: justify;\"><strong>Mon astuce beaut\u00e9<\/strong><\/h3>\n<p style=\"text-align: justify;\">Le vinaigre de rin\u00e7age issu de la gamme Brillance est mon meilleur alli\u00e9. Pour une chevelure au top de la Brillance, laissez-le poser 5 minutes apr\u00e8s votre shampooing et rincez abondamment. En plus de d\u00e9gager une <strong>superbe senteur framboise<\/strong>, vous verrez que vos cheveux auront retrouv\u00e9 <strong>tout leur \u00e9clat<\/strong> !<\/p>\n<h3 style=\"text-align: justify;\"><strong>Mon produit pr\u00e9f\u00e9r\u00e9<\/strong><\/h3>\n<p style=\"text-align: justify;\">La <a href=\"http:\/\/google.com\">BB Cr\u00e8me S\u00e9rum V\u00e9g\u00e9tal<\/a>. J'adore ce produit, un must. Il assure une <strong>hydratation optimale<\/strong> et une action anti-vieillissement, \u00e9clairant mon teint !<\/p>\n<\/div>\n<\/div><\/div>            <div class=\"webclipping-product-boxes-wrapper\" id=\"7ac5aab2-97fc-4662-bd5a-c91328485456\">\r\n                <div class=\"webclipping-product-boxes\"\r\n                    data-product-ids=\"R86558, R80552, R79680, R37748\"\r\n                    data-product-style=\"Standard\"\r\n                    data-slick='{\"variableWidth\": true, \"slidesToShow\": 3,, \"respondTo\": \"min\"}'\r\n                     >\r\n                <\/div>\r\n            <\/div>\r\n\r\n\r\n        <\/div><\/div><\/div>","protected":false},"excerpt":{"rendered":"<p>Les tips beaut\u00e9 de Greta pour une chevelure de r\u00eave<\/p>\n","protected":false},"author":1,"featured_media":1463,"comment_status":"open","ping_status":"open","sticky":false,"template":"","format":"standard","meta":{"_acf_changed":false,"footnotes":""},"categories":[29],"tags":[149,41,271],"class_list":["post-1306","post","type-post","status-publish","format-standard","has-post-thumbnail","hentry","category-uncategorized-en","tag-astucebeaute","tag-beautedumonde","tag-cheveux"],"acf":[],"yoast_head":"<!-- This site is optimized with the Yoast SEO plugin v24.7 - https:\/\/yoast.com\/wordpress\/plugins\/seo\/ -->\n<title>Rituel beaut\u00e9 du monde, chevelure de r\u00eave - CENTRAL YR AB<\/title>\n<meta name=\"robots\" content=\"index, follow, max-snippet:-1, max-image-preview:large, max-video-preview:-1\" \/>\n<link rel=\"canonical\" href=\"https:\/\/abspace.yves-rocher.com\/rituel-beaute-du-monde-chevelure-de-reve\/\" \/>\n<meta property=\"og:locale\" content=\"fr_FR\" \/>\n<meta property=\"og:type\" content=\"article\" \/>\n<meta property=\"og:title\" content=\"Rituel beaut\u00e9 du monde, chevelure de r\u00eave - CENTRAL YR AB\" \/>\n<meta property=\"og:description\" content=\"Les tips beaut\u00e9 de Greta pour une chevelure de r\u00eave\" \/>\n<meta property=\"og:url\" content=\"https:\/\/abspace.yves-rocher.com\/rituel-beaute-du-monde-chevelure-de-reve\/\" \/>\n<meta property=\"og:site_name\" content=\"CENTRAL YR AB\" \/>\n<meta property=\"article:published_time\" content=\"2017-04-13T10:24:22+00:00\" \/>\n<meta property=\"article:modified_time\" content=\"2017-06-20T11:37:01+00:00\" \/>\n<meta property=\"og:image\" content=\"https:\/\/abspace.yves-rocher.com\/wp-content\/uploads\/sites\/1\/2017\/04\/1707_D_HP-AB-SPACE_Image4_750x1036.jpg\" \/>\n\t<meta property=\"og:image:width\" content=\"750\" \/>\n\t<meta property=\"og:image:height\" content=\"1036\" \/>\n\t<meta property=\"og:image:type\" content=\"image\/jpeg\" \/>\n<meta name=\"author\" content=\"krdsadmin\" \/>\n<meta name=\"twitter:card\" content=\"summary_large_image\" \/>\n<meta name=\"twitter:label1\" content=\"Written by\" \/>\n\t<meta name=\"twitter:data1\" content=\"krdsadmin\" \/>\n\t<meta name=\"twitter:label2\" content=\"Est. reading time\" \/>\n\t<meta name=\"twitter:data2\" content=\"1 minute\" \/>\n<script type=\"application\/ld+json\" class=\"yoast-schema-graph\">{\"@context\":\"https:\/\/schema.org\",\"@graph\":[{\"@type\":\"WebPage\",\"@id\":\"https:\/\/abspace.yves-rocher.com\/rituel-beaute-du-monde-chevelure-de-reve\/\",\"url\":\"https:\/\/abspace.yves-rocher.com\/rituel-beaute-du-monde-chevelure-de-reve\/\",\"name\":\"Rituel beaut\u00e9 du monde, chevelure de r\u00eave - CENTRAL YR AB\",\"isPartOf\":{\"@id\":\"https:\/\/abspace.yves-rocher.com\/#website\"},\"primaryImageOfPage\":{\"@id\":\"https:\/\/abspace.yves-rocher.com\/rituel-beaute-du-monde-chevelure-de-reve\/#primaryimage\"},\"image\":{\"@id\":\"https:\/\/abspace.yves-rocher.com\/rituel-beaute-du-monde-chevelure-de-reve\/#primaryimage\"},\"thumbnailUrl\":\"https:\/\/abspace.yves-rocher.com\/wp-content\/uploads\/sites\/1\/2017\/04\/1707_D_HP-AB-SPACE_Image4_750x1036.jpg\",\"datePublished\":\"2017-04-13T10:24:22+00:00\",\"dateModified\":\"2017-06-20T11:37:01+00:00\",\"author\":{\"@id\":\"https:\/\/abspace.yves-rocher.com\/#\/schema\/person\/ec696ee18287f26537143fb2cfd6f3a9\"},\"breadcrumb\":{\"@id\":\"https:\/\/abspace.yves-rocher.com\/rituel-beaute-du-monde-chevelure-de-reve\/#breadcrumb\"},\"inLanguage\":\"fr-FR\",\"potentialAction\":[{\"@type\":\"ReadAction\",\"target\":[\"https:\/\/abspace.yves-rocher.com\/rituel-beaute-du-monde-chevelure-de-reve\/\"]}]},{\"@type\":\"ImageObject\",\"inLanguage\":\"fr-FR\",\"@id\":\"https:\/\/abspace.yves-rocher.com\/rituel-beaute-du-monde-chevelure-de-reve\/#primaryimage\",\"url\":\"https:\/\/abspace.yves-rocher.com\/wp-content\/uploads\/sites\/1\/2017\/04\/1707_D_HP-AB-SPACE_Image4_750x1036.jpg\",\"contentUrl\":\"https:\/\/abspace.yves-rocher.com\/wp-content\/uploads\/sites\/1\/2017\/04\/1707_D_HP-AB-SPACE_Image4_750x1036.jpg\",\"width\":750,\"height\":1036},{\"@type\":\"BreadcrumbList\",\"@id\":\"https:\/\/abspace.yves-rocher.com\/rituel-beaute-du-monde-chevelure-de-reve\/#breadcrumb\",\"itemListElement\":[{\"@type\":\"ListItem\",\"position\":1,\"name\":\"Home\",\"item\":\"https:\/\/abspace.yves-rocher.com\/\"},{\"@type\":\"ListItem\",\"position\":2,\"name\":\"Rituel beaut\u00e9 du monde, chevelure de r\u00eave\"}]},{\"@type\":\"WebSite\",\"@id\":\"https:\/\/abspace.yves-rocher.com\/#website\",\"url\":\"https:\/\/abspace.yves-rocher.com\/\",\"name\":\"CENTRAL YR AB\",\"description\":\"CENTRAL YR AB\",\"potentialAction\":[{\"@type\":\"SearchAction\",\"target\":{\"@type\":\"EntryPoint\",\"urlTemplate\":\"https:\/\/abspace.yves-rocher.com\/?s={search_term_string}\"},\"query-input\":{\"@type\":\"PropertyValueSpecification\",\"valueRequired\":true,\"valueName\":\"search_term_string\"}}],\"inLanguage\":\"fr-FR\"},{\"@type\":\"Person\",\"@id\":\"https:\/\/abspace.yves-rocher.com\/#\/schema\/person\/ec696ee18287f26537143fb2cfd6f3a9\",\"name\":\"krdsadmin\",\"image\":{\"@type\":\"ImageObject\",\"inLanguage\":\"fr-FR\",\"@id\":\"https:\/\/abspace.yves-rocher.com\/#\/schema\/person\/image\/\",\"url\":\"https:\/\/secure.gravatar.com\/avatar\/93174a0612e45c1a7b3ff213533800d4?s=96&d=mm&r=g\",\"contentUrl\":\"https:\/\/secure.gravatar.com\/avatar\/93174a0612e45c1a7b3ff213533800d4?s=96&d=mm&r=g\",\"caption\":\"krdsadmin\"},\"url\":\"https:\/\/abspace.yves-rocher.com\/author\/krdsadmin\/\"}]}<\/script>\n<!-- \/ Yoast SEO plugin. -->","yoast_head_json":{"title":"Rituel beaut\u00e9 du monde, chevelure de r\u00eave - CENTRAL YR AB","robots":{"index":"index","follow":"follow","max-snippet":"max-snippet:-1","max-image-preview":"max-image-preview:large","max-video-preview":"max-video-preview:-1"},"canonical":"https:\/\/abspace.yves-rocher.com\/rituel-beaute-du-monde-chevelure-de-reve\/","og_locale":"fr_FR","og_type":"article","og_title":"Rituel beaut\u00e9 du monde, chevelure de r\u00eave - CENTRAL YR AB","og_description":"Les tips beaut\u00e9 de Greta pour une chevelure de r\u00eave","og_url":"https:\/\/abspace.yves-rocher.com\/rituel-beaute-du-monde-chevelure-de-reve\/","og_site_name":"CENTRAL YR AB","article_published_time":"2017-04-13T10:24:22+00:00","article_modified_time":"2017-06-20T11:37:01+00:00","og_image":[{"width":750,"height":1036,"url":"https:\/\/abspace.yves-rocher.com\/wp-content\/uploads\/sites\/1\/2017\/04\/1707_D_HP-AB-SPACE_Image4_750x1036.jpg","type":"image\/jpeg"}],"author":"krdsadmin","twitter_card":"summary_large_image","twitter_misc":{"Written by":"krdsadmin","Est. reading time":"1 minute"},"schema":{"@context":"https:\/\/schema.org","@graph":[{"@type":"WebPage","@id":"https:\/\/abspace.yves-rocher.com\/rituel-beaute-du-monde-chevelure-de-reve\/","url":"https:\/\/abspace.yves-rocher.com\/rituel-beaute-du-monde-chevelure-de-reve\/","name":"Rituel beaut\u00e9 du monde, chevelure de r\u00eave - CENTRAL YR AB","isPartOf":{"@id":"https:\/\/abspace.yves-rocher.com\/#website"},"primaryImageOfPage":{"@id":"https:\/\/abspace.yves-rocher.com\/rituel-beaute-du-monde-chevelure-de-reve\/#primaryimage"},"image":{"@id":"https:\/\/abspace.yves-rocher.com\/rituel-beaute-du-monde-chevelure-de-reve\/#primaryimage"},"thumbnailUrl":"https:\/\/abspace.yves-rocher.com\/wp-content\/uploads\/sites\/1\/2017\/04\/1707_D_HP-AB-SPACE_Image4_750x1036.jpg","datePublished":"2017-04-13T10:24:22+00:00","dateModified":"2017-06-20T11:37:01+00:00","author":{"@id":"https:\/\/abspace.yves-rocher.com\/#\/schema\/person\/ec696ee18287f26537143fb2cfd6f3a9"},"breadcrumb":{"@id":"https:\/\/abspace.yves-rocher.com\/rituel-beaute-du-monde-chevelure-de-reve\/#breadcrumb"},"inLanguage":"fr-FR","potentialAction":[{"@type":"ReadAction","target":["https:\/\/abspace.yves-rocher.com\/rituel-beaute-du-monde-chevelure-de-reve\/"]}]},{"@type":"ImageObject","inLanguage":"fr-FR","@id":"https:\/\/abspace.yves-rocher.com\/rituel-beaute-du-monde-chevelure-de-reve\/#primaryimage","url":"https:\/\/abspace.yves-rocher.com\/wp-content\/uploads\/sites\/1\/2017\/04\/1707_D_HP-AB-SPACE_Image4_750x1036.jpg","contentUrl":"https:\/\/abspace.yves-rocher.com\/wp-content\/uploads\/sites\/1\/2017\/04\/1707_D_HP-AB-SPACE_Image4_750x1036.jpg","width":750,"height":1036},{"@type":"BreadcrumbList","@id":"https:\/\/abspace.yves-rocher.com\/rituel-beaute-du-monde-chevelure-de-reve\/#breadcrumb","itemListElement":[{"@type":"ListItem","position":1,"name":"Home","item":"https:\/\/abspace.yves-rocher.com\/"},{"@type":"ListItem","position":2,"name":"Rituel beaut\u00e9 du monde, chevelure de r\u00eave"}]},{"@type":"WebSite","@id":"https:\/\/abspace.yves-rocher.com\/#website","url":"https:\/\/abspace.yves-rocher.com\/","name":"CENTRAL YR AB","description":"CENTRAL YR AB","potentialAction":[{"@type":"SearchAction","target":{"@type":"EntryPoint","urlTemplate":"https:\/\/abspace.yves-rocher.com\/?s={search_term_string}"},"query-input":{"@type":"PropertyValueSpecification","valueRequired":true,"valueName":"search_term_string"}}],"inLanguage":"fr-FR"},{"@type":"Person","@id":"https:\/\/abspace.yves-rocher.com\/#\/schema\/person\/ec696ee18287f26537143fb2cfd6f3a9","name":"krdsadmin","image":{"@type":"ImageObject","inLanguage":"fr-FR","@id":"https:\/\/abspace.yves-rocher.com\/#\/schema\/person\/image\/","url":"https:\/\/secure.gravatar.com\/avatar\/93174a0612e45c1a7b3ff213533800d4?s=96&d=mm&r=g","contentUrl":"https:\/\/secure.gravatar.com\/avatar\/93174a0612e45c1a7b3ff213533800d4?s=96&d=mm&r=g","caption":"krdsadmin"},"url":"https:\/\/abspace.yves-rocher.com\/author\/krdsadmin\/"}]}},"_links":{"self":[{"href":"https:\/\/abspace.yves-rocher.com\/ws\/wp\/v2\/posts\/1306","targetHints":{"allow":["GET"]}}],"collection":[{"href":"https:\/\/abspace.yves-rocher.com\/ws\/wp\/v2\/posts"}],"about":[{"href":"https:\/\/abspace.yves-rocher.com\/ws\/wp\/v2\/types\/post"}],"author":[{"embeddable":true,"href":"https:\/\/abspace.yves-rocher.com\/ws\/wp\/v2\/users\/1"}],"replies":[{"embeddable":true,"href":"https:\/\/abspace.yves-rocher.com\/ws\/wp\/v2\/comments?post=1306"}],"version-history":[{"count":15,"href":"https:\/\/abspace.yves-rocher.com\/ws\/wp\/v2\/posts\/1306\/revisions"}],"predecessor-version":[{"id":1570,"href":"https:\/\/abspace.yves-rocher.com\/ws\/wp\/v2\/posts\/1306\/revisions\/1570"}],"wp:featuredmedia":[{"embeddable":true,"href":"https:\/\/abspace.yves-rocher.com\/ws\/wp\/v2\/media\/1463"}],"wp:attachment":[{"href":"https:\/\/abspace.yves-rocher.com\/ws\/wp\/v2\/media?parent=1306"}],"wp:term":[{"taxonomy":"category","embeddable":true,"href":"https:\/\/abspace.yves-rocher.com\/ws\/wp\/v2\/categories?post=1306"},{"taxonomy":"post_tag","embeddable":true,"href":"https:\/\/abspace.yves-rocher.com\/ws\/wp\/v2\/tags?post=1306"}],"curies":[{"name":"wp","href":"https:\/\/api.w.org\/{rel}","templated":true}]}}