{"id":1496,"date":"2017-05-05T07:00:34","date_gmt":"2017-05-05T07:00:34","guid":{"rendered":"http:\/\/abspace.yves-rocher.com\/?p=1496"},"modified":"2022-04-11T14:25:58","modified_gmt":"2022-04-11T14:25:58","slug":"rituel-beaute-du-monde-un-teint-rayonnant","status":"publish","type":"post","link":"https:\/\/abspace.yves-rocher.com\/rituel-beaute-du-monde-un-teint-rayonnant\/","title":{"rendered":"Rituel beaut\u00e9 du monde, un teint rayonnant"},"content":{"rendered":"<div id=\"pl-1496\"  class=\"panel-layout\" ><div id=\"pg-1496-0\"  class=\"panel-grid panel-no-style\" ><div id=\"pgc-1496-0-0\"  class=\"panel-grid-cell\" ><div class=\"layoutInterview panel-cell-style panel-cell-style-for-1496-0-0\" ><div id=\"panel-1496-0-0-0\" class=\"so-panel widget widget_sow-editor panel-first-child panel-last-child\" data-index=\"0\" ><div\n\t\t\t\n\t\t\tclass=\"so-widget-sow-editor so-widget-sow-editor-base\"\n\t\t\t\n\t\t>\n<div class=\"siteorigin-widget-tinymce textwidget\">\n\t<div align=\"justify\">\n<h2 style=\"text-align: center;\">TU\u011e\u00c7E vous donne toutes ces astuces pour une peau rayonnante, et parfaitement hydrat\u00e9e pour profiter pleinement des rayons du soleil.<\/h2>\n<\/div>\n<\/div>\n<\/div><\/div><\/div><\/div><\/div><div id=\"pg-1496-1\"  class=\"panel-grid panel-no-style\" ><div id=\"pgc-1496-1-0\"  class=\"panel-grid-cell\" ><div id=\"panel-1496-1-0-0\" class=\"so-panel widget widget_sow-image panel-first-child\" data-index=\"1\" ><div\n\t\t\t\n\t\t\tclass=\"so-widget-sow-image so-widget-sow-image-default-8b5b6f678277-1496\"\n\t\t\t\n\t\t>\r\n\r\n\r\n<div class=\"sow-image-container\">\r\n    \r\n    <img loading=\"lazy\" decoding=\"async\" src=\"https:\/\/abspace.yves-rocher.com\/wp-content\/uploads\/sites\/1\/2017\/05\/1708_Beaute-Monde_Image1_1100x1646.jpg\" width=\"1100\" height=\"1646\" srcset=\"\"          class=\"so-widget-image\" \/>\r\n\r\n    \r\n    \r\n    <\/div>\r\n\r\n<\/div><\/div><div id=\"panel-1496-1-0-1\" class=\"so-panel widget panel-last-child\" data-index=\"2\" ><\/div><\/div><div id=\"pgc-1496-1-1\"  class=\"panel-grid-cell\" ><div id=\"panel-1496-1-1-0\" class=\"so-panel widget widget_sow-editor panel-first-child\" data-index=\"3\" ><div\n\t\t\t\n\t\t\tclass=\"so-widget-sow-editor so-widget-sow-editor-base\"\n\t\t\t\n\t\t>\n<div class=\"siteorigin-widget-tinymce textwidget\">\n\t<h3><strong>Au quotidien<\/strong><\/h3>\n<p style=\"text-align: justify;\">Le matin, je nettoie ma peau, je la tonifie et je l\u2019hydrate avec la <a href=\"http:\/\/www.yves-rocher.fr\/soin-visage\/soin-par-type-de-peau\/peaux-normales-a-mixtes\/c\/15100\">gamme Hydra V\u00e9g\u00e9tal<\/a>. Le soir, j\u2019applique le <a href=\"http:\/\/www.yves-rocher.fr\/soin-visage\/type-de-soin\/creme-de-nuit\/soin-lissant-nuit-tous-types-de-peaux---rides-e-eclat\/p\/yr.R40928\">Soin Lissant Nuit S\u00e9rum V\u00e9g\u00e9tal Rides &amp; \u00c9clat<\/a>.<\/p>\n<h3><strong>Mon astuce beaut\u00e9 <\/strong><\/h3>\n<p style=\"text-align: justify;\">J\u2019utilise le <a href=\"http:\/\/www.yves-rocher.fr\/soin-visage\/type-de-soin\/exfoliant-et-masque\/gommage-eclat-fraicheur\/p\/yr.R01907\">Gommage \u00c9clat Fra\u00eecheur Hydra V\u00e9g\u00e9tal<\/a> une fois par semaine, suivi du <a href=\"http:\/\/www.yves-rocher.fr\/soin-visage\/type-de-soin\/exfoliant-et-masque\/masque-hydratation-intense\/p\/yr.R45294\">Masque Hydratation Intense Hydra V\u00e9g\u00e9tal<\/a>. <strong>J\u2019adore le r\u00e9sultat<\/strong> !\u00a0<\/p>\n<h3><strong>Mon produit pr\u00e9f\u00e9r\u00e9<\/strong><\/h3>\n<p style=\"text-align: justify;\">L\u2019<a href=\"http:\/\/www.yves-rocher.fr\/corps-et-douche\/soin-solaire\/monoi\/huile-tiare-tradition\/p\/yr.R35379\">Huile Tiar\u00e9 Tradition<\/a> au Mono\u00ef de Tahiti. J\u2019aime <strong>sa texture, son parfum et l\u2019\u00e9clat qu\u2019elle donne \u00e0 ma peau<\/strong>.<\/p>\n<\/div>\n<\/div><\/div>            <div class=\"webclipping-product-boxes-wrapper\" id=\"e7e19549-9f50-4ca7-8785-0a489bd73a7f\">\r\n                <div class=\"webclipping-product-boxes\"\r\n                    data-product-ids=\"R18509,R66105,R40928,R31207,R01907,R45294,R35379\"\r\n                    data-product-style=\"Standard\"\r\n                    data-slick='{\"variableWidth\": true, \"slidesToShow\": 2,, \"respondTo\": \"min\"}'\r\n                     >\r\n                <\/div>\r\n            <\/div>\r\n\r\n\r\n        <\/div><\/div><\/div>","protected":false},"excerpt":{"rendered":"<p>Les tips beaut\u00e9 de Tugce pour un teint rayonnant<\/p>\n","protected":false},"author":1,"featured_media":1778,"comment_status":"open","ping_status":"open","sticky":false,"template":"","format":"standard","meta":{"_acf_changed":false,"footnotes":""},"categories":[29],"tags":[41,149,291],"class_list":["post-1496","post","type-post","status-publish","format-standard","has-post-thumbnail","hentry","category-uncategorized-en","tag-beautedumonde","tag-astucebeaute","tag-hydratation"],"acf":[],"yoast_head":"<!-- This site is optimized with the Yoast SEO plugin v24.7 - https:\/\/yoast.com\/wordpress\/plugins\/seo\/ -->\n<title>Act Beautiful - Rituel Beaut\u00e9 du Monde - Yves Rocher<\/title>\n<meta name=\"description\" content=\"TU\u011e\u00c7E vous donne toutes ces astuces pour une peau rayonnante, et parfaitement hydrat\u00e9e pour profiter pleinement des rayons du soleil.\" \/>\n<meta name=\"robots\" content=\"index, follow, max-snippet:-1, max-image-preview:large, max-video-preview:-1\" \/>\n<link rel=\"canonical\" href=\"https:\/\/abspace.yves-rocher.com\/rituel-beaute-du-monde-un-teint-rayonnant\/\" \/>\n<meta property=\"og:locale\" content=\"fr_FR\" \/>\n<meta property=\"og:type\" content=\"article\" \/>\n<meta property=\"og:title\" content=\"Act Beautiful - Rituel Beaut\u00e9 du Monde - Yves Rocher\" \/>\n<meta property=\"og:description\" content=\"TU\u011e\u00c7E vous donne toutes ces astuces pour une peau rayonnante, et parfaitement hydrat\u00e9e pour profiter pleinement des rayons du soleil.\" \/>\n<meta property=\"og:url\" content=\"https:\/\/abspace.yves-rocher.com\/rituel-beaute-du-monde-un-teint-rayonnant\/\" \/>\n<meta property=\"og:site_name\" content=\"CENTRAL YR AB\" \/>\n<meta property=\"article:published_time\" content=\"2017-05-05T07:00:34+00:00\" \/>\n<meta property=\"article:modified_time\" content=\"2022-04-11T14:25:58+00:00\" \/>\n<meta property=\"og:image\" content=\"https:\/\/abspace.yves-rocher.com\/wp-content\/uploads\/sites\/1\/2017\/05\/1708_D_HP-AB-SPACE_Image4_750x776.jpg\" \/>\n\t<meta property=\"og:image:width\" content=\"750\" \/>\n\t<meta property=\"og:image:height\" content=\"776\" \/>\n\t<meta property=\"og:image:type\" content=\"image\/jpeg\" \/>\n<meta name=\"author\" content=\"krdsadmin\" \/>\n<meta name=\"twitter:card\" content=\"summary_large_image\" \/>\n<meta name=\"twitter:label1\" content=\"Written by\" \/>\n\t<meta name=\"twitter:data1\" content=\"krdsadmin\" \/>\n<script type=\"application\/ld+json\" class=\"yoast-schema-graph\">{\"@context\":\"https:\/\/schema.org\",\"@graph\":[{\"@type\":\"WebPage\",\"@id\":\"https:\/\/abspace.yves-rocher.com\/rituel-beaute-du-monde-un-teint-rayonnant\/\",\"url\":\"https:\/\/abspace.yves-rocher.com\/rituel-beaute-du-monde-un-teint-rayonnant\/\",\"name\":\"Act Beautiful - Rituel Beaut\u00e9 du Monde - Yves Rocher\",\"isPartOf\":{\"@id\":\"https:\/\/abspace.yves-rocher.com\/#website\"},\"primaryImageOfPage\":{\"@id\":\"https:\/\/abspace.yves-rocher.com\/rituel-beaute-du-monde-un-teint-rayonnant\/#primaryimage\"},\"image\":{\"@id\":\"https:\/\/abspace.yves-rocher.com\/rituel-beaute-du-monde-un-teint-rayonnant\/#primaryimage\"},\"thumbnailUrl\":\"https:\/\/abspace.yves-rocher.com\/wp-content\/uploads\/sites\/1\/2017\/05\/1708_D_HP-AB-SPACE_Image4_750x776.jpg\",\"datePublished\":\"2017-05-05T07:00:34+00:00\",\"dateModified\":\"2022-04-11T14:25:58+00:00\",\"author\":{\"@id\":\"https:\/\/abspace.yves-rocher.com\/#\/schema\/person\/ec696ee18287f26537143fb2cfd6f3a9\"},\"description\":\"TU\u011e\u00c7E vous donne toutes ces astuces pour une peau rayonnante, et parfaitement hydrat\u00e9e pour profiter pleinement des rayons du soleil.\",\"breadcrumb\":{\"@id\":\"https:\/\/abspace.yves-rocher.com\/rituel-beaute-du-monde-un-teint-rayonnant\/#breadcrumb\"},\"inLanguage\":\"fr-FR\",\"potentialAction\":[{\"@type\":\"ReadAction\",\"target\":[\"https:\/\/abspace.yves-rocher.com\/rituel-beaute-du-monde-un-teint-rayonnant\/\"]}]},{\"@type\":\"ImageObject\",\"inLanguage\":\"fr-FR\",\"@id\":\"https:\/\/abspace.yves-rocher.com\/rituel-beaute-du-monde-un-teint-rayonnant\/#primaryimage\",\"url\":\"https:\/\/abspace.yves-rocher.com\/wp-content\/uploads\/sites\/1\/2017\/05\/1708_D_HP-AB-SPACE_Image4_750x776.jpg\",\"contentUrl\":\"https:\/\/abspace.yves-rocher.com\/wp-content\/uploads\/sites\/1\/2017\/05\/1708_D_HP-AB-SPACE_Image4_750x776.jpg\",\"width\":750,\"height\":776},{\"@type\":\"BreadcrumbList\",\"@id\":\"https:\/\/abspace.yves-rocher.com\/rituel-beaute-du-monde-un-teint-rayonnant\/#breadcrumb\",\"itemListElement\":[{\"@type\":\"ListItem\",\"position\":1,\"name\":\"Home\",\"item\":\"https:\/\/abspace.yves-rocher.com\/\"},{\"@type\":\"ListItem\",\"position\":2,\"name\":\"Rituel beaut\u00e9 du monde, un teint rayonnant\"}]},{\"@type\":\"WebSite\",\"@id\":\"https:\/\/abspace.yves-rocher.com\/#website\",\"url\":\"https:\/\/abspace.yves-rocher.com\/\",\"name\":\"CENTRAL YR AB\",\"description\":\"CENTRAL YR AB\",\"potentialAction\":[{\"@type\":\"SearchAction\",\"target\":{\"@type\":\"EntryPoint\",\"urlTemplate\":\"https:\/\/abspace.yves-rocher.com\/?s={search_term_string}\"},\"query-input\":{\"@type\":\"PropertyValueSpecification\",\"valueRequired\":true,\"valueName\":\"search_term_string\"}}],\"inLanguage\":\"fr-FR\"},{\"@type\":\"Person\",\"@id\":\"https:\/\/abspace.yves-rocher.com\/#\/schema\/person\/ec696ee18287f26537143fb2cfd6f3a9\",\"name\":\"krdsadmin\",\"image\":{\"@type\":\"ImageObject\",\"inLanguage\":\"fr-FR\",\"@id\":\"https:\/\/abspace.yves-rocher.com\/#\/schema\/person\/image\/\",\"url\":\"https:\/\/secure.gravatar.com\/avatar\/93174a0612e45c1a7b3ff213533800d4?s=96&d=mm&r=g\",\"contentUrl\":\"https:\/\/secure.gravatar.com\/avatar\/93174a0612e45c1a7b3ff213533800d4?s=96&d=mm&r=g\",\"caption\":\"krdsadmin\"},\"url\":\"https:\/\/abspace.yves-rocher.com\/author\/krdsadmin\/\"}]}<\/script>\n<!-- \/ Yoast SEO plugin. -->","yoast_head_json":{"title":"Act Beautiful - Rituel Beaut\u00e9 du Monde - Yves Rocher","description":"TU\u011e\u00c7E vous donne toutes ces astuces pour une peau rayonnante, et parfaitement hydrat\u00e9e pour profiter pleinement des rayons du soleil.","robots":{"index":"index","follow":"follow","max-snippet":"max-snippet:-1","max-image-preview":"max-image-preview:large","max-video-preview":"max-video-preview:-1"},"canonical":"https:\/\/abspace.yves-rocher.com\/rituel-beaute-du-monde-un-teint-rayonnant\/","og_locale":"fr_FR","og_type":"article","og_title":"Act Beautiful - Rituel Beaut\u00e9 du Monde - Yves Rocher","og_description":"TU\u011e\u00c7E vous donne toutes ces astuces pour une peau rayonnante, et parfaitement hydrat\u00e9e pour profiter pleinement des rayons du soleil.","og_url":"https:\/\/abspace.yves-rocher.com\/rituel-beaute-du-monde-un-teint-rayonnant\/","og_site_name":"CENTRAL YR AB","article_published_time":"2017-05-05T07:00:34+00:00","article_modified_time":"2022-04-11T14:25:58+00:00","og_image":[{"width":750,"height":776,"url":"https:\/\/abspace.yves-rocher.com\/wp-content\/uploads\/sites\/1\/2017\/05\/1708_D_HP-AB-SPACE_Image4_750x776.jpg","type":"image\/jpeg"}],"author":"krdsadmin","twitter_card":"summary_large_image","twitter_misc":{"Written by":"krdsadmin"},"schema":{"@context":"https:\/\/schema.org","@graph":[{"@type":"WebPage","@id":"https:\/\/abspace.yves-rocher.com\/rituel-beaute-du-monde-un-teint-rayonnant\/","url":"https:\/\/abspace.yves-rocher.com\/rituel-beaute-du-monde-un-teint-rayonnant\/","name":"Act Beautiful - Rituel Beaut\u00e9 du Monde - Yves Rocher","isPartOf":{"@id":"https:\/\/abspace.yves-rocher.com\/#website"},"primaryImageOfPage":{"@id":"https:\/\/abspace.yves-rocher.com\/rituel-beaute-du-monde-un-teint-rayonnant\/#primaryimage"},"image":{"@id":"https:\/\/abspace.yves-rocher.com\/rituel-beaute-du-monde-un-teint-rayonnant\/#primaryimage"},"thumbnailUrl":"https:\/\/abspace.yves-rocher.com\/wp-content\/uploads\/sites\/1\/2017\/05\/1708_D_HP-AB-SPACE_Image4_750x776.jpg","datePublished":"2017-05-05T07:00:34+00:00","dateModified":"2022-04-11T14:25:58+00:00","author":{"@id":"https:\/\/abspace.yves-rocher.com\/#\/schema\/person\/ec696ee18287f26537143fb2cfd6f3a9"},"description":"TU\u011e\u00c7E vous donne toutes ces astuces pour une peau rayonnante, et parfaitement hydrat\u00e9e pour profiter pleinement des rayons du soleil.","breadcrumb":{"@id":"https:\/\/abspace.yves-rocher.com\/rituel-beaute-du-monde-un-teint-rayonnant\/#breadcrumb"},"inLanguage":"fr-FR","potentialAction":[{"@type":"ReadAction","target":["https:\/\/abspace.yves-rocher.com\/rituel-beaute-du-monde-un-teint-rayonnant\/"]}]},{"@type":"ImageObject","inLanguage":"fr-FR","@id":"https:\/\/abspace.yves-rocher.com\/rituel-beaute-du-monde-un-teint-rayonnant\/#primaryimage","url":"https:\/\/abspace.yves-rocher.com\/wp-content\/uploads\/sites\/1\/2017\/05\/1708_D_HP-AB-SPACE_Image4_750x776.jpg","contentUrl":"https:\/\/abspace.yves-rocher.com\/wp-content\/uploads\/sites\/1\/2017\/05\/1708_D_HP-AB-SPACE_Image4_750x776.jpg","width":750,"height":776},{"@type":"BreadcrumbList","@id":"https:\/\/abspace.yves-rocher.com\/rituel-beaute-du-monde-un-teint-rayonnant\/#breadcrumb","itemListElement":[{"@type":"ListItem","position":1,"name":"Home","item":"https:\/\/abspace.yves-rocher.com\/"},{"@type":"ListItem","position":2,"name":"Rituel beaut\u00e9 du monde, un teint rayonnant"}]},{"@type":"WebSite","@id":"https:\/\/abspace.yves-rocher.com\/#website","url":"https:\/\/abspace.yves-rocher.com\/","name":"CENTRAL YR AB","description":"CENTRAL YR AB","potentialAction":[{"@type":"SearchAction","target":{"@type":"EntryPoint","urlTemplate":"https:\/\/abspace.yves-rocher.com\/?s={search_term_string}"},"query-input":{"@type":"PropertyValueSpecification","valueRequired":true,"valueName":"search_term_string"}}],"inLanguage":"fr-FR"},{"@type":"Person","@id":"https:\/\/abspace.yves-rocher.com\/#\/schema\/person\/ec696ee18287f26537143fb2cfd6f3a9","name":"krdsadmin","image":{"@type":"ImageObject","inLanguage":"fr-FR","@id":"https:\/\/abspace.yves-rocher.com\/#\/schema\/person\/image\/","url":"https:\/\/secure.gravatar.com\/avatar\/93174a0612e45c1a7b3ff213533800d4?s=96&d=mm&r=g","contentUrl":"https:\/\/secure.gravatar.com\/avatar\/93174a0612e45c1a7b3ff213533800d4?s=96&d=mm&r=g","caption":"krdsadmin"},"url":"https:\/\/abspace.yves-rocher.com\/author\/krdsadmin\/"}]}},"_links":{"self":[{"href":"https:\/\/abspace.yves-rocher.com\/ws\/wp\/v2\/posts\/1496","targetHints":{"allow":["GET"]}}],"collection":[{"href":"https:\/\/abspace.yves-rocher.com\/ws\/wp\/v2\/posts"}],"about":[{"href":"https:\/\/abspace.yves-rocher.com\/ws\/wp\/v2\/types\/post"}],"author":[{"embeddable":true,"href":"https:\/\/abspace.yves-rocher.com\/ws\/wp\/v2\/users\/1"}],"replies":[{"embeddable":true,"href":"https:\/\/abspace.yves-rocher.com\/ws\/wp\/v2\/comments?post=1496"}],"version-history":[{"count":7,"href":"https:\/\/abspace.yves-rocher.com\/ws\/wp\/v2\/posts\/1496\/revisions"}],"predecessor-version":[{"id":10675,"href":"https:\/\/abspace.yves-rocher.com\/ws\/wp\/v2\/posts\/1496\/revisions\/10675"}],"wp:featuredmedia":[{"embeddable":true,"href":"https:\/\/abspace.yves-rocher.com\/ws\/wp\/v2\/media\/1778"}],"wp:attachment":[{"href":"https:\/\/abspace.yves-rocher.com\/ws\/wp\/v2\/media?parent=1496"}],"wp:term":[{"taxonomy":"category","embeddable":true,"href":"https:\/\/abspace.yves-rocher.com\/ws\/wp\/v2\/categories?post=1496"},{"taxonomy":"post_tag","embeddable":true,"href":"https:\/\/abspace.yves-rocher.com\/ws\/wp\/v2\/tags?post=1496"}],"curies":[{"name":"wp","href":"https:\/\/api.w.org\/{rel}","templated":true}]}}