{"id":1867,"date":"2017-07-12T12:45:58","date_gmt":"2017-07-12T12:45:58","guid":{"rendered":"http:\/\/abspace.yves-rocher.com\/?p=1867"},"modified":"2017-08-02T10:10:37","modified_gmt":"2017-08-02T10:10:37","slug":"carmen-rapproche-consommateurs-et-producteurs","status":"publish","type":"post","link":"https:\/\/abspace.yves-rocher.com\/carmen-rapproche-consommateurs-et-producteurs\/","title":{"rendered":"Carmen rapproche consommateurs et producteurs"},"content":{"rendered":"<div id=\"pl-1867\"  class=\"panel-layout\" ><div id=\"pg-1867-0\"  class=\"panel-grid panel-no-style\" ><div id=\"pgc-1867-0-0\"  class=\"panel-grid-cell\" ><div id=\"panel-1867-0-0-0\" class=\"so-panel widget widget_siteorigin-panels-embedded-video panel-first-child panel-last-child\" data-index=\"0\" ><div class=\"siteorigin-fitvids\"><\/div><\/div><\/div><\/div><div id=\"pg-1867-1\"  class=\"panel-grid panel-no-style\" ><div id=\"pgc-1867-1-0\"  class=\"panel-grid-cell\" ><div id=\"panel-1867-1-0-0\" class=\"so-panel widget widget_sow-editor panel-first-child panel-last-child\" data-index=\"1\" ><div\n\t\t\t\n\t\t\tclass=\"so-widget-sow-editor so-widget-sow-editor-base\"\n\t\t\t\n\t\t>\n<div class=\"siteorigin-widget-tinymce textwidget\">\n\t<p style=\"text-align: justify;\">Carmen propose de nous faire d\u00e9couvrir <strong>SlowMov<\/strong>, une <strong>plateforme espagnole collaborative <\/strong>qu\u2019elle a fond\u00e9e, qui met des<strong> producteurs locaux directement en relation avec des commer\u00e7ants<\/strong>. Ainsi, le client peut savourer des <strong>produits de qualit\u00e9,<\/strong> fabriqu\u00e9s<strong>\u00a0de fa\u00e7on responsable<\/strong>. Elle travaille notamment au contact de producteurs de caf\u00e9 arabica, et nous sensibilise sur les questions <strong>d\u2019identit\u00e9 du produit, de tra\u00e7abilit\u00e9<\/strong> et notamment les \u00e9tapes de fabrication\u00a0pour <strong>nous inciter \u00e0 nous soucier de son origine<\/strong>. <\/p>\n<p>En \u00e9tant curieux de savoir d\u2019o\u00f9 viennent nos produits, on <strong>remet en question la consommation de masse<\/strong> pour valoriser et privil\u00e9gier des <strong>productions artisanales et locales<\/strong>, afin de consommer de fa\u00e7on plus responsable.<\/p>\n<\/div>\n<\/div><\/div><\/div><\/div><div id=\"pg-1867-2\"  class=\"panel-grid panel-no-style\" ><div id=\"pgc-1867-2-0\"  class=\"panel-grid-cell\" ><div id=\"panel-1867-2-0-0\" class=\"so-panel widget panel-first-child panel-last-child\" data-index=\"2\" ><\/div><\/div><\/div><\/div>","protected":false},"excerpt":{"rendered":"<p>Reconnectons consommateurs et producteurs !<\/p>\n","protected":false},"author":1,"featured_media":1945,"comment_status":"open","ping_status":"open","sticky":false,"template":"","format":"standard","meta":{"_acf_changed":false,"footnotes":""},"categories":[29],"tags":[33,115,143,313],"class_list":["post-1867","post","type-post","status-publish","format-standard","has-post-thumbnail","hentry","category-uncategorized-en","tag-actbeautiful","tag-belleetengagee","tag-ecologie","tag-environnement"],"acf":[],"yoast_head":"<!-- This site is optimized with the Yoast SEO plugin v24.7 - https:\/\/yoast.com\/wordpress\/plugins\/seo\/ -->\n<title>Yves Rocher - Carmen rapproche consommateurs et producteurs - Act Beautiful<\/title>\n<meta name=\"description\" content=\"Reconnectons consommateurs et producteurs !\" \/>\n<meta name=\"robots\" content=\"index, follow, max-snippet:-1, max-image-preview:large, max-video-preview:-1\" \/>\n<link rel=\"canonical\" href=\"https:\/\/abspace.yves-rocher.com\/carmen-rapproche-consommateurs-et-producteurs\/\" \/>\n<meta property=\"og:locale\" content=\"fr_FR\" \/>\n<meta property=\"og:type\" content=\"article\" \/>\n<meta property=\"og:title\" content=\"Yves Rocher - Carmen rapproche consommateurs et producteurs - Act Beautiful\" \/>\n<meta property=\"og:description\" content=\"Reconnectons consommateurs et producteurs !\" \/>\n<meta property=\"og:url\" content=\"https:\/\/abspace.yves-rocher.com\/carmen-rapproche-consommateurs-et-producteurs\/\" \/>\n<meta property=\"og:site_name\" content=\"CENTRAL YR AB\" \/>\n<meta property=\"article:published_time\" content=\"2017-07-12T12:45:58+00:00\" \/>\n<meta property=\"article:modified_time\" content=\"2017-08-02T10:10:37+00:00\" \/>\n<meta property=\"og:image\" content=\"https:\/\/abspace.yves-rocher.com\/wp-content\/uploads\/sites\/1\/2017\/07\/Carmen.jpg\" \/>\n\t<meta property=\"og:image:width\" content=\"750\" \/>\n\t<meta property=\"og:image:height\" content=\"776\" \/>\n\t<meta property=\"og:image:type\" content=\"image\/jpeg\" \/>\n<meta name=\"author\" content=\"krdsadmin\" \/>\n<meta name=\"twitter:card\" content=\"summary_large_image\" \/>\n<meta name=\"twitter:label1\" content=\"Written by\" \/>\n\t<meta name=\"twitter:data1\" content=\"krdsadmin\" \/>\n<script type=\"application\/ld+json\" class=\"yoast-schema-graph\">{\"@context\":\"https:\/\/schema.org\",\"@graph\":[{\"@type\":\"WebPage\",\"@id\":\"https:\/\/abspace.yves-rocher.com\/carmen-rapproche-consommateurs-et-producteurs\/\",\"url\":\"https:\/\/abspace.yves-rocher.com\/carmen-rapproche-consommateurs-et-producteurs\/\",\"name\":\"Yves Rocher - Carmen rapproche consommateurs et producteurs - Act Beautiful\",\"isPartOf\":{\"@id\":\"https:\/\/abspace.yves-rocher.com\/#website\"},\"primaryImageOfPage\":{\"@id\":\"https:\/\/abspace.yves-rocher.com\/carmen-rapproche-consommateurs-et-producteurs\/#primaryimage\"},\"image\":{\"@id\":\"https:\/\/abspace.yves-rocher.com\/carmen-rapproche-consommateurs-et-producteurs\/#primaryimage\"},\"thumbnailUrl\":\"https:\/\/abspace.yves-rocher.com\/wp-content\/uploads\/sites\/1\/2017\/07\/Carmen.jpg\",\"datePublished\":\"2017-07-12T12:45:58+00:00\",\"dateModified\":\"2017-08-02T10:10:37+00:00\",\"author\":{\"@id\":\"https:\/\/abspace.yves-rocher.com\/#\/schema\/person\/ec696ee18287f26537143fb2cfd6f3a9\"},\"description\":\"Reconnectons consommateurs et producteurs !\",\"breadcrumb\":{\"@id\":\"https:\/\/abspace.yves-rocher.com\/carmen-rapproche-consommateurs-et-producteurs\/#breadcrumb\"},\"inLanguage\":\"fr-FR\",\"potentialAction\":[{\"@type\":\"ReadAction\",\"target\":[\"https:\/\/abspace.yves-rocher.com\/carmen-rapproche-consommateurs-et-producteurs\/\"]}]},{\"@type\":\"ImageObject\",\"inLanguage\":\"fr-FR\",\"@id\":\"https:\/\/abspace.yves-rocher.com\/carmen-rapproche-consommateurs-et-producteurs\/#primaryimage\",\"url\":\"https:\/\/abspace.yves-rocher.com\/wp-content\/uploads\/sites\/1\/2017\/07\/Carmen.jpg\",\"contentUrl\":\"https:\/\/abspace.yves-rocher.com\/wp-content\/uploads\/sites\/1\/2017\/07\/Carmen.jpg\",\"width\":750,\"height\":776},{\"@type\":\"BreadcrumbList\",\"@id\":\"https:\/\/abspace.yves-rocher.com\/carmen-rapproche-consommateurs-et-producteurs\/#breadcrumb\",\"itemListElement\":[{\"@type\":\"ListItem\",\"position\":1,\"name\":\"Home\",\"item\":\"https:\/\/abspace.yves-rocher.com\/\"},{\"@type\":\"ListItem\",\"position\":2,\"name\":\"Carmen rapproche consommateurs et producteurs\"}]},{\"@type\":\"WebSite\",\"@id\":\"https:\/\/abspace.yves-rocher.com\/#website\",\"url\":\"https:\/\/abspace.yves-rocher.com\/\",\"name\":\"CENTRAL YR AB\",\"description\":\"CENTRAL YR AB\",\"potentialAction\":[{\"@type\":\"SearchAction\",\"target\":{\"@type\":\"EntryPoint\",\"urlTemplate\":\"https:\/\/abspace.yves-rocher.com\/?s={search_term_string}\"},\"query-input\":{\"@type\":\"PropertyValueSpecification\",\"valueRequired\":true,\"valueName\":\"search_term_string\"}}],\"inLanguage\":\"fr-FR\"},{\"@type\":\"Person\",\"@id\":\"https:\/\/abspace.yves-rocher.com\/#\/schema\/person\/ec696ee18287f26537143fb2cfd6f3a9\",\"name\":\"krdsadmin\",\"image\":{\"@type\":\"ImageObject\",\"inLanguage\":\"fr-FR\",\"@id\":\"https:\/\/abspace.yves-rocher.com\/#\/schema\/person\/image\/\",\"url\":\"https:\/\/secure.gravatar.com\/avatar\/93174a0612e45c1a7b3ff213533800d4?s=96&d=mm&r=g\",\"contentUrl\":\"https:\/\/secure.gravatar.com\/avatar\/93174a0612e45c1a7b3ff213533800d4?s=96&d=mm&r=g\",\"caption\":\"krdsadmin\"},\"url\":\"https:\/\/abspace.yves-rocher.com\/author\/krdsadmin\/\"}]}<\/script>\n<!-- \/ Yoast SEO plugin. -->","yoast_head_json":{"title":"Yves Rocher - Carmen rapproche consommateurs et producteurs - Act Beautiful","description":"Reconnectons consommateurs et producteurs !","robots":{"index":"index","follow":"follow","max-snippet":"max-snippet:-1","max-image-preview":"max-image-preview:large","max-video-preview":"max-video-preview:-1"},"canonical":"https:\/\/abspace.yves-rocher.com\/carmen-rapproche-consommateurs-et-producteurs\/","og_locale":"fr_FR","og_type":"article","og_title":"Yves Rocher - Carmen rapproche consommateurs et producteurs - Act Beautiful","og_description":"Reconnectons consommateurs et producteurs !","og_url":"https:\/\/abspace.yves-rocher.com\/carmen-rapproche-consommateurs-et-producteurs\/","og_site_name":"CENTRAL YR AB","article_published_time":"2017-07-12T12:45:58+00:00","article_modified_time":"2017-08-02T10:10:37+00:00","og_image":[{"width":750,"height":776,"url":"https:\/\/abspace.yves-rocher.com\/wp-content\/uploads\/sites\/1\/2017\/07\/Carmen.jpg","type":"image\/jpeg"}],"author":"krdsadmin","twitter_card":"summary_large_image","twitter_misc":{"Written by":"krdsadmin"},"schema":{"@context":"https:\/\/schema.org","@graph":[{"@type":"WebPage","@id":"https:\/\/abspace.yves-rocher.com\/carmen-rapproche-consommateurs-et-producteurs\/","url":"https:\/\/abspace.yves-rocher.com\/carmen-rapproche-consommateurs-et-producteurs\/","name":"Yves Rocher - Carmen rapproche consommateurs et producteurs - Act Beautiful","isPartOf":{"@id":"https:\/\/abspace.yves-rocher.com\/#website"},"primaryImageOfPage":{"@id":"https:\/\/abspace.yves-rocher.com\/carmen-rapproche-consommateurs-et-producteurs\/#primaryimage"},"image":{"@id":"https:\/\/abspace.yves-rocher.com\/carmen-rapproche-consommateurs-et-producteurs\/#primaryimage"},"thumbnailUrl":"https:\/\/abspace.yves-rocher.com\/wp-content\/uploads\/sites\/1\/2017\/07\/Carmen.jpg","datePublished":"2017-07-12T12:45:58+00:00","dateModified":"2017-08-02T10:10:37+00:00","author":{"@id":"https:\/\/abspace.yves-rocher.com\/#\/schema\/person\/ec696ee18287f26537143fb2cfd6f3a9"},"description":"Reconnectons consommateurs et producteurs !","breadcrumb":{"@id":"https:\/\/abspace.yves-rocher.com\/carmen-rapproche-consommateurs-et-producteurs\/#breadcrumb"},"inLanguage":"fr-FR","potentialAction":[{"@type":"ReadAction","target":["https:\/\/abspace.yves-rocher.com\/carmen-rapproche-consommateurs-et-producteurs\/"]}]},{"@type":"ImageObject","inLanguage":"fr-FR","@id":"https:\/\/abspace.yves-rocher.com\/carmen-rapproche-consommateurs-et-producteurs\/#primaryimage","url":"https:\/\/abspace.yves-rocher.com\/wp-content\/uploads\/sites\/1\/2017\/07\/Carmen.jpg","contentUrl":"https:\/\/abspace.yves-rocher.com\/wp-content\/uploads\/sites\/1\/2017\/07\/Carmen.jpg","width":750,"height":776},{"@type":"BreadcrumbList","@id":"https:\/\/abspace.yves-rocher.com\/carmen-rapproche-consommateurs-et-producteurs\/#breadcrumb","itemListElement":[{"@type":"ListItem","position":1,"name":"Home","item":"https:\/\/abspace.yves-rocher.com\/"},{"@type":"ListItem","position":2,"name":"Carmen rapproche consommateurs et producteurs"}]},{"@type":"WebSite","@id":"https:\/\/abspace.yves-rocher.com\/#website","url":"https:\/\/abspace.yves-rocher.com\/","name":"CENTRAL YR AB","description":"CENTRAL YR AB","potentialAction":[{"@type":"SearchAction","target":{"@type":"EntryPoint","urlTemplate":"https:\/\/abspace.yves-rocher.com\/?s={search_term_string}"},"query-input":{"@type":"PropertyValueSpecification","valueRequired":true,"valueName":"search_term_string"}}],"inLanguage":"fr-FR"},{"@type":"Person","@id":"https:\/\/abspace.yves-rocher.com\/#\/schema\/person\/ec696ee18287f26537143fb2cfd6f3a9","name":"krdsadmin","image":{"@type":"ImageObject","inLanguage":"fr-FR","@id":"https:\/\/abspace.yves-rocher.com\/#\/schema\/person\/image\/","url":"https:\/\/secure.gravatar.com\/avatar\/93174a0612e45c1a7b3ff213533800d4?s=96&d=mm&r=g","contentUrl":"https:\/\/secure.gravatar.com\/avatar\/93174a0612e45c1a7b3ff213533800d4?s=96&d=mm&r=g","caption":"krdsadmin"},"url":"https:\/\/abspace.yves-rocher.com\/author\/krdsadmin\/"}]}},"_links":{"self":[{"href":"https:\/\/abspace.yves-rocher.com\/ws\/wp\/v2\/posts\/1867","targetHints":{"allow":["GET"]}}],"collection":[{"href":"https:\/\/abspace.yves-rocher.com\/ws\/wp\/v2\/posts"}],"about":[{"href":"https:\/\/abspace.yves-rocher.com\/ws\/wp\/v2\/types\/post"}],"author":[{"embeddable":true,"href":"https:\/\/abspace.yves-rocher.com\/ws\/wp\/v2\/users\/1"}],"replies":[{"embeddable":true,"href":"https:\/\/abspace.yves-rocher.com\/ws\/wp\/v2\/comments?post=1867"}],"version-history":[{"count":5,"href":"https:\/\/abspace.yves-rocher.com\/ws\/wp\/v2\/posts\/1867\/revisions"}],"predecessor-version":[{"id":1888,"href":"https:\/\/abspace.yves-rocher.com\/ws\/wp\/v2\/posts\/1867\/revisions\/1888"}],"wp:featuredmedia":[{"embeddable":true,"href":"https:\/\/abspace.yves-rocher.com\/ws\/wp\/v2\/media\/1945"}],"wp:attachment":[{"href":"https:\/\/abspace.yves-rocher.com\/ws\/wp\/v2\/media?parent=1867"}],"wp:term":[{"taxonomy":"category","embeddable":true,"href":"https:\/\/abspace.yves-rocher.com\/ws\/wp\/v2\/categories?post=1867"},{"taxonomy":"post_tag","embeddable":true,"href":"https:\/\/abspace.yves-rocher.com\/ws\/wp\/v2\/tags?post=1867"}],"curies":[{"name":"wp","href":"https:\/\/api.w.org\/{rel}","templated":true}]}}