{"id":2686,"date":"2017-11-29T22:00:42","date_gmt":"2017-11-29T22:00:42","guid":{"rendered":"http:\/\/abspace.yves-rocher.com\/?p=2686"},"modified":"2021-12-22T10:21:04","modified_gmt":"2021-12-22T10:21:04","slug":"la-lumiere-booster-de-moral","status":"publish","type":"post","link":"https:\/\/abspace.yves-rocher.com\/la-lumiere-booster-de-moral\/","title":{"rendered":"La lumi\u00e8re, booster de moral"},"content":{"rendered":"<div id=\"pl-2686\"  class=\"panel-layout\" ><div id=\"pg-2686-0\"  class=\"panel-grid panel-no-style\" ><div id=\"pgc-2686-0-0\"  class=\"panel-grid-cell\" >            <div class=\"textWidget header-description \">\r\n                <p>On combat la petite \u00ab d\u00e9prime hivernale \u00bb et on apporte de la lumi\u00e8re dans sa vie !<\/p>\r\n            <\/div>\r\n    <\/div><\/div><div id=\"pg-2686-1\"  class=\"panel-grid panel-no-style\" ><div id=\"pgc-2686-1-0\"  class=\"panel-grid-cell\" ><div id=\"panel-2686-1-0-0\" class=\"so-panel widget widget_sow-editor panel-first-child panel-last-child\" data-index=\"1\" ><div\n\t\t\t\n\t\t\tclass=\"so-widget-sow-editor so-widget-sow-editor-base\"\n\t\t\t\n\t\t>\n<div class=\"siteorigin-widget-tinymce textwidget\">\n\t<h3>Hello Sunshine.<\/h3>\n<h3>L\u2019hiver, lorsque la lumi\u00e8re du jour diminue, on a tendance \u00e0 se sentir plus <strong>fatigu\u00e9e<\/strong>, un peu <strong>d\u00e9prim\u00e9e<\/strong>...<\/h3>\n<p>Bref, <strong>on ne se sent pas au top de sa forme<\/strong> et \u00e7a c\u2019est d\u00fb au <strong>manque de lumi\u00e8re<\/strong> !<\/p>\n<p>Mais bonne nouvelle, l\u2019hiver est bient\u00f4t termin\u00e9 et le printemps arrive \u00e0 grands pas ! Les jours deviennent plus longs et le soleil se fait de plus en plus pr\u00e9sent\u2026<\/p>\n<\/div>\n<\/div><\/div><\/div><div id=\"pgc-2686-1-1\"  class=\"panel-grid-cell\" ><div id=\"panel-2686-1-1-0\" class=\"so-panel widget widget_sow-image panel-first-child panel-last-child\" data-index=\"2\" ><div\n\t\t\t\n\t\t\tclass=\"so-widget-sow-image so-widget-sow-image-default-8b5b6f678277-2686\"\n\t\t\t\n\t\t>\r\n\r\n\r\n<div class=\"sow-image-container\">\r\n    \r\n    <img loading=\"lazy\" decoding=\"async\" src=\"https:\/\/abspace.yves-rocher.com\/wp-content\/uploads\/sites\/1\/2021\/09\/2110_S_Article_10-Bonnes-Raisons_VISUEL3_1100x652.jpg\" width=\"1100\" height=\"652\" srcset=\"\" title=\"2110_S_Article_10 Bonnes Raisons_VISUEL3_1100x652\"          class=\"so-widget-image\" \/>\r\n\r\n    \r\n    \r\n    <\/div>\r\n\r\n<\/div><\/div><\/div><\/div><div id=\"pg-2686-2\"  class=\"panel-grid panel-no-style\" ><div id=\"pgc-2686-2-0\"  class=\"panel-grid-cell\" ><div id=\"panel-2686-2-0-0\" class=\"so-panel widget widget_sow-editor panel-first-child panel-last-child\" data-index=\"3\" ><div\n\t\t\t\n\t\t\tclass=\"so-widget-sow-editor so-widget-sow-editor-base\"\n\t\t\t\n\t\t>\n<div class=\"siteorigin-widget-tinymce textwidget\">\n\t<h3>Pourquoi la lumi\u00e8re c\u2019est si important ?<\/h3>\n<p>La<strong> lumi\u00e8re<\/strong> permet de <strong>r\u00e9guler notre horloge interne<\/strong>. La nuit, nous s\u00e9cr\u00e9tons de la <strong>m\u00e9latonine<\/strong>, appel\u00e9e aussi \u00ab <strong>hormone du sommeil<\/strong> \u00bb, qui r\u00e9gule notre rythme, notre humeur et nos performances physiques et intellectuelles. Ne pas s'exposer suffisamment \u00e0 la lumi\u00e8re dans la journ\u00e9e entra\u00eene une <strong>surproduction de m\u00e9latonine,<\/strong> le corps est dup\u00e9 car il pense que c'est la nuit, et nous nous sentons donc fatigu\u00e9s, somnolents...<\/p>\n<p>Mais ce n'est pas tout ! En s'exposant au soleil <strong>15 \u00e0 20 min par jour<\/strong> seulement, on permet \u00e0 notre corps de <strong>produire de la vitamine D<\/strong>. Qui, en plus de fortifier nos os, booster notre syst\u00e8me immunitaire, joue \u00e9galement un r\u00f4le important sur notre syst\u00e8me nerveux et notre moral en nous aidant \u00e0 s\u00e9cr\u00e9ter de la s\u00e9rotonine, la fameuse \u00ab <strong>hormone du bonheur<\/strong> \u00bb.<\/p>\n<p>Alors <strong>on s'expose \u00e0 la lumi\u00e8re<\/strong>\u00a0! Et si le temps est gris, on opte pour une petite cure de luminoth\u00e9rapie, ou des aliments riches en vitamines D : poissons gras, jaunes d\u2019\u0153ufs, produits laitiers\u2026<\/p>\n<\/div>\n<\/div><\/div><\/div><\/div><div id=\"pg-2686-3\"  class=\"panel-grid panel-no-style\" ><div id=\"pgc-2686-3-0\"  class=\"panel-grid-cell\" ><div id=\"panel-2686-3-0-0\" class=\"so-panel widget widget_sow-image panel-first-child panel-last-child\" data-index=\"4\" ><div\n\t\t\t\n\t\t\tclass=\"so-widget-sow-image so-widget-sow-image-default-8b5b6f678277-2686\"\n\t\t\t\n\t\t>\r\n\r\n\r\n<div class=\"sow-image-container\">\r\n    \r\n    <img loading=\"lazy\" decoding=\"async\" src=\"https:\/\/abspace.yves-rocher.com\/wp-content\/uploads\/sites\/1\/2021\/09\/2110_S_Article_10-Bonnes-Raisons_VISUEL2_1100x652.jpg\" width=\"1100\" height=\"652\" srcset=\"\" title=\"2110_S_Article_10 Bonnes Raisons_VISUEL2_1100x652\"          class=\"so-widget-image\" \/>\r\n\r\n    \r\n    \r\n    <\/div>\r\n\r\n<\/div><\/div><\/div><div id=\"pgc-2686-3-1\"  class=\"panel-grid-cell\" ><div id=\"panel-2686-3-1-0\" class=\"so-panel widget widget_sow-editor panel-first-child panel-last-child\" data-index=\"5\" ><div\n\t\t\t\n\t\t\tclass=\"so-widget-sow-editor so-widget-sow-editor-base\"\n\t\t\t\n\t\t>\n<div class=\"siteorigin-widget-tinymce textwidget\">\n\t<p>Un beau teint et des beaux cheveux, cela passe aussi par l\u2019assiette !<\/p>\n<p>Alors on privil\u00e9gie des <strong>fruits et l\u00e9gumes (de saison)<\/strong> <strong>riches en beta carot\u00e8ne, en anti-oxydant, en vitamine C<\/strong> et des<strong> aliments riches en om\u00e9ga 3<\/strong> (poisson, fruits de mer\u2026), <strong>en fer<\/strong> (c\u00e9r\u00e9ales, fruits et l\u00e9gumes secs), <strong>en zinc<\/strong> (coquillages,\u00a0lentilles) ou en vitamine B (amandes, noix, laitages...) !<\/p>\n<p>Enfin, <strong>on boit beaucoup d\u2019eau<\/strong> !<\/p>\n<\/div>\n<\/div><\/div><\/div><\/div><div id=\"pg-2686-4\"  class=\"panel-grid panel-no-style\" ><div id=\"pgc-2686-4-0\"  class=\"panel-grid-cell\" ><div id=\"panel-2686-4-0-0\" class=\"so-panel widget widget_sow-editor panel-first-child panel-last-child\" data-index=\"6\" ><div\n\t\t\t\n\t\t\tclass=\"so-widget-sow-editor so-widget-sow-editor-base\"\n\t\t\t\n\t\t>\n<div class=\"siteorigin-widget-tinymce textwidget\">\n\t<h3>\u00a0<\/h3>\n<h3>Bye bye la grisaille.<\/h3>\n<p>Le froid peut \u00eatre une <strong>source d\u2019agression<\/strong> pour nos <strong>cheveux<\/strong> et notre<strong> peau<\/strong>, alors pour <strong>lutter contre la grisaille hivernale<\/strong>, on retrouve un <strong>teint<\/strong> et des<strong> cheveux \u00e9clatants<\/strong> !<\/p>\n<p>Pour avoir un <strong>teint lumineux<\/strong>, on adopte une <strong>routine beaut\u00e9<\/strong> avec la <a href=\"https:\/\/www.yves-rocher.fr\/maquillage\/teint\/fond-de-teint\/base-eclat\/p\/87217\"><strong>Base Eclat<\/strong><\/a>, l'<a href=\"https:\/\/www.yves-rocher.fr\/maquillage\/teint\/correcteur-et-anti-cernes\/anticernes-liquide\/p\/93208\">Anticernes liquide<\/a>, la poudre <a href=\"https:\/\/www.yves-rocher.fr\/maquillage\/teint\/blush-et-enlumineur\/enlumineur-de-teint\/p\/93309\"><strong>Enlumineur d<\/strong><\/a>e Teint et la <a href=\"https:\/\/www.yves-rocher.fr\/maquillage\/teint\/blush-et-enlumineur\/poudre-de-soleil\/p\/93314\">Poudre de soleil<\/a> ! <br \/>Et pour une chevelure lumineuse, on opte pour la <a href=\"https:\/\/www.yves-rocher.fr\/cheveux\/type-de-cheveux\/cheveux-fins-ternes\/c\/53120\"><strong>gamme Brillance<\/strong><\/a>.\u00a0<\/p>\n<\/div>\n<\/div><\/div><\/div><div id=\"pgc-2686-4-1\"  class=\"panel-grid-cell\" ><div id=\"panel-2686-4-1-0\" class=\"so-panel widget widget_sow-image panel-first-child panel-last-child\" data-index=\"7\" ><div\n\t\t\t\n\t\t\tclass=\"so-widget-sow-image so-widget-sow-image-default-8b5b6f678277-2686\"\n\t\t\t\n\t\t>\r\n\r\n\r\n<div class=\"sow-image-container\">\r\n    \r\n    <img loading=\"lazy\" decoding=\"async\" src=\"https:\/\/abspace.yves-rocher.com\/wp-content\/uploads\/sites\/1\/2019\/02\/2110_S_Article_Peau-Grasse_VISUEL2_1100x652.jpg\" width=\"1100\" height=\"652\" srcset=\"\" title=\"2110_S_Article_Peau Grasse_VISUEL2_1100x652\"          class=\"so-widget-image\" \/>\r\n\r\n    \r\n    \r\n    <\/div>\r\n\r\n<\/div><\/div><\/div><\/div><\/div>","protected":false},"excerpt":{"rendered":"<p>On combat la \u00ab d\u00e9prime hivernale \u00bb et on apporte de la lumi\u00e8re dans sa vie !<\/p>\n","protected":false},"author":29670,"featured_media":2724,"comment_status":"open","ping_status":"open","sticky":false,"template":"","format":"standard","meta":{"_acf_changed":false,"footnotes":""},"categories":[29],"tags":[295],"class_list":["post-2686","post","type-post","status-publish","format-standard","has-post-thumbnail","hentry","category-uncategorized-en","tag-slowlife"],"acf":[],"yoast_head":"<!-- This site is optimized with the Yoast SEO plugin v24.7 - https:\/\/yoast.com\/wordpress\/plugins\/seo\/ -->\n<title>Act Beautiful - La lumi\u00e8re, booster d&#039;\u00e9clat - Yves Rocher<\/title>\n<meta name=\"robots\" content=\"index, follow, max-snippet:-1, max-image-preview:large, max-video-preview:-1\" \/>\n<link rel=\"canonical\" href=\"https:\/\/abspace.yves-rocher.com\/la-lumiere-booster-de-moral\/\" \/>\n<meta property=\"og:locale\" content=\"fr_FR\" \/>\n<meta property=\"og:type\" content=\"article\" \/>\n<meta property=\"og:title\" content=\"Act Beautiful - La lumi\u00e8re, booster d&#039;\u00e9clat - Yves Rocher\" \/>\n<meta property=\"og:description\" content=\"On combat la \u00ab d\u00e9prime hivernale \u00bb et on apporte de la lumi\u00e8re dans sa vie !\" \/>\n<meta property=\"og:url\" content=\"https:\/\/abspace.yves-rocher.com\/la-lumiere-booster-de-moral\/\" \/>\n<meta property=\"og:site_name\" content=\"CENTRAL YR AB\" \/>\n<meta property=\"article:published_time\" content=\"2017-11-29T22:00:42+00:00\" \/>\n<meta property=\"article:modified_time\" content=\"2021-12-22T10:21:04+00:00\" \/>\n<meta property=\"og:image\" content=\"https:\/\/abspace.yves-rocher.com\/wp-content\/uploads\/sites\/1\/2017\/11\/1803_D_HP-AB-SPACE_Image2_750x1036.jpg\" \/>\n\t<meta property=\"og:image:width\" content=\"750\" \/>\n\t<meta property=\"og:image:height\" content=\"1036\" \/>\n\t<meta property=\"og:image:type\" content=\"image\/jpeg\" \/>\n<meta name=\"author\" content=\"mathilde.gerard@yrnet.com\" \/>\n<meta name=\"twitter:card\" content=\"summary_large_image\" \/>\n<meta name=\"twitter:label1\" content=\"Written by\" \/>\n\t<meta name=\"twitter:data1\" content=\"mathilde.gerard@yrnet.com\" \/>\n\t<meta name=\"twitter:label2\" content=\"Est. reading time\" \/>\n\t<meta name=\"twitter:data2\" content=\"2 minutes\" \/>\n<script type=\"application\/ld+json\" class=\"yoast-schema-graph\">{\"@context\":\"https:\/\/schema.org\",\"@graph\":[{\"@type\":\"WebPage\",\"@id\":\"https:\/\/abspace.yves-rocher.com\/la-lumiere-booster-de-moral\/\",\"url\":\"https:\/\/abspace.yves-rocher.com\/la-lumiere-booster-de-moral\/\",\"name\":\"Act Beautiful - La lumi\u00e8re, booster d'\u00e9clat - Yves Rocher\",\"isPartOf\":{\"@id\":\"https:\/\/abspace.yves-rocher.com\/#website\"},\"primaryImageOfPage\":{\"@id\":\"https:\/\/abspace.yves-rocher.com\/la-lumiere-booster-de-moral\/#primaryimage\"},\"image\":{\"@id\":\"https:\/\/abspace.yves-rocher.com\/la-lumiere-booster-de-moral\/#primaryimage\"},\"thumbnailUrl\":\"https:\/\/abspace.yves-rocher.com\/wp-content\/uploads\/sites\/1\/2017\/11\/1803_D_HP-AB-SPACE_Image2_750x1036.jpg\",\"datePublished\":\"2017-11-29T22:00:42+00:00\",\"dateModified\":\"2021-12-22T10:21:04+00:00\",\"author\":{\"@id\":\"https:\/\/abspace.yves-rocher.com\/#\/schema\/person\/55b0e58ef85768f34a76d593d4b84f9b\"},\"breadcrumb\":{\"@id\":\"https:\/\/abspace.yves-rocher.com\/la-lumiere-booster-de-moral\/#breadcrumb\"},\"inLanguage\":\"fr-FR\",\"potentialAction\":[{\"@type\":\"ReadAction\",\"target\":[\"https:\/\/abspace.yves-rocher.com\/la-lumiere-booster-de-moral\/\"]}]},{\"@type\":\"ImageObject\",\"inLanguage\":\"fr-FR\",\"@id\":\"https:\/\/abspace.yves-rocher.com\/la-lumiere-booster-de-moral\/#primaryimage\",\"url\":\"https:\/\/abspace.yves-rocher.com\/wp-content\/uploads\/sites\/1\/2017\/11\/1803_D_HP-AB-SPACE_Image2_750x1036.jpg\",\"contentUrl\":\"https:\/\/abspace.yves-rocher.com\/wp-content\/uploads\/sites\/1\/2017\/11\/1803_D_HP-AB-SPACE_Image2_750x1036.jpg\",\"width\":750,\"height\":1036},{\"@type\":\"BreadcrumbList\",\"@id\":\"https:\/\/abspace.yves-rocher.com\/la-lumiere-booster-de-moral\/#breadcrumb\",\"itemListElement\":[{\"@type\":\"ListItem\",\"position\":1,\"name\":\"Home\",\"item\":\"https:\/\/abspace.yves-rocher.com\/\"},{\"@type\":\"ListItem\",\"position\":2,\"name\":\"La lumi\u00e8re, booster de moral\"}]},{\"@type\":\"WebSite\",\"@id\":\"https:\/\/abspace.yves-rocher.com\/#website\",\"url\":\"https:\/\/abspace.yves-rocher.com\/\",\"name\":\"CENTRAL YR AB\",\"description\":\"CENTRAL YR AB\",\"potentialAction\":[{\"@type\":\"SearchAction\",\"target\":{\"@type\":\"EntryPoint\",\"urlTemplate\":\"https:\/\/abspace.yves-rocher.com\/?s={search_term_string}\"},\"query-input\":{\"@type\":\"PropertyValueSpecification\",\"valueRequired\":true,\"valueName\":\"search_term_string\"}}],\"inLanguage\":\"fr-FR\"},{\"@type\":\"Person\",\"@id\":\"https:\/\/abspace.yves-rocher.com\/#\/schema\/person\/55b0e58ef85768f34a76d593d4b84f9b\",\"name\":\"mathilde.gerard@yrnet.com\",\"image\":{\"@type\":\"ImageObject\",\"inLanguage\":\"fr-FR\",\"@id\":\"https:\/\/abspace.yves-rocher.com\/#\/schema\/person\/image\/\",\"url\":\"https:\/\/secure.gravatar.com\/avatar\/f68d1335e0c5035faec56bc85896dfa1?s=96&d=mm&r=g\",\"contentUrl\":\"https:\/\/secure.gravatar.com\/avatar\/f68d1335e0c5035faec56bc85896dfa1?s=96&d=mm&r=g\",\"caption\":\"mathilde.gerard@yrnet.com\"},\"url\":\"https:\/\/abspace.yves-rocher.com\/author\/mathilde-gerardyrnet-com\/\"}]}<\/script>\n<!-- \/ Yoast SEO plugin. -->","yoast_head_json":{"title":"Act Beautiful - La lumi\u00e8re, booster d'\u00e9clat - Yves Rocher","robots":{"index":"index","follow":"follow","max-snippet":"max-snippet:-1","max-image-preview":"max-image-preview:large","max-video-preview":"max-video-preview:-1"},"canonical":"https:\/\/abspace.yves-rocher.com\/la-lumiere-booster-de-moral\/","og_locale":"fr_FR","og_type":"article","og_title":"Act Beautiful - La lumi\u00e8re, booster d'\u00e9clat - Yves Rocher","og_description":"On combat la \u00ab d\u00e9prime hivernale \u00bb et on apporte de la lumi\u00e8re dans sa vie !","og_url":"https:\/\/abspace.yves-rocher.com\/la-lumiere-booster-de-moral\/","og_site_name":"CENTRAL YR AB","article_published_time":"2017-11-29T22:00:42+00:00","article_modified_time":"2021-12-22T10:21:04+00:00","og_image":[{"width":750,"height":1036,"url":"https:\/\/abspace.yves-rocher.com\/wp-content\/uploads\/sites\/1\/2017\/11\/1803_D_HP-AB-SPACE_Image2_750x1036.jpg","type":"image\/jpeg"}],"author":"mathilde.gerard@yrnet.com","twitter_card":"summary_large_image","twitter_misc":{"Written by":"mathilde.gerard@yrnet.com","Est. reading time":"2 minutes"},"schema":{"@context":"https:\/\/schema.org","@graph":[{"@type":"WebPage","@id":"https:\/\/abspace.yves-rocher.com\/la-lumiere-booster-de-moral\/","url":"https:\/\/abspace.yves-rocher.com\/la-lumiere-booster-de-moral\/","name":"Act Beautiful - La lumi\u00e8re, booster d'\u00e9clat - Yves Rocher","isPartOf":{"@id":"https:\/\/abspace.yves-rocher.com\/#website"},"primaryImageOfPage":{"@id":"https:\/\/abspace.yves-rocher.com\/la-lumiere-booster-de-moral\/#primaryimage"},"image":{"@id":"https:\/\/abspace.yves-rocher.com\/la-lumiere-booster-de-moral\/#primaryimage"},"thumbnailUrl":"https:\/\/abspace.yves-rocher.com\/wp-content\/uploads\/sites\/1\/2017\/11\/1803_D_HP-AB-SPACE_Image2_750x1036.jpg","datePublished":"2017-11-29T22:00:42+00:00","dateModified":"2021-12-22T10:21:04+00:00","author":{"@id":"https:\/\/abspace.yves-rocher.com\/#\/schema\/person\/55b0e58ef85768f34a76d593d4b84f9b"},"breadcrumb":{"@id":"https:\/\/abspace.yves-rocher.com\/la-lumiere-booster-de-moral\/#breadcrumb"},"inLanguage":"fr-FR","potentialAction":[{"@type":"ReadAction","target":["https:\/\/abspace.yves-rocher.com\/la-lumiere-booster-de-moral\/"]}]},{"@type":"ImageObject","inLanguage":"fr-FR","@id":"https:\/\/abspace.yves-rocher.com\/la-lumiere-booster-de-moral\/#primaryimage","url":"https:\/\/abspace.yves-rocher.com\/wp-content\/uploads\/sites\/1\/2017\/11\/1803_D_HP-AB-SPACE_Image2_750x1036.jpg","contentUrl":"https:\/\/abspace.yves-rocher.com\/wp-content\/uploads\/sites\/1\/2017\/11\/1803_D_HP-AB-SPACE_Image2_750x1036.jpg","width":750,"height":1036},{"@type":"BreadcrumbList","@id":"https:\/\/abspace.yves-rocher.com\/la-lumiere-booster-de-moral\/#breadcrumb","itemListElement":[{"@type":"ListItem","position":1,"name":"Home","item":"https:\/\/abspace.yves-rocher.com\/"},{"@type":"ListItem","position":2,"name":"La lumi\u00e8re, booster de moral"}]},{"@type":"WebSite","@id":"https:\/\/abspace.yves-rocher.com\/#website","url":"https:\/\/abspace.yves-rocher.com\/","name":"CENTRAL YR AB","description":"CENTRAL YR AB","potentialAction":[{"@type":"SearchAction","target":{"@type":"EntryPoint","urlTemplate":"https:\/\/abspace.yves-rocher.com\/?s={search_term_string}"},"query-input":{"@type":"PropertyValueSpecification","valueRequired":true,"valueName":"search_term_string"}}],"inLanguage":"fr-FR"},{"@type":"Person","@id":"https:\/\/abspace.yves-rocher.com\/#\/schema\/person\/55b0e58ef85768f34a76d593d4b84f9b","name":"mathilde.gerard@yrnet.com","image":{"@type":"ImageObject","inLanguage":"fr-FR","@id":"https:\/\/abspace.yves-rocher.com\/#\/schema\/person\/image\/","url":"https:\/\/secure.gravatar.com\/avatar\/f68d1335e0c5035faec56bc85896dfa1?s=96&d=mm&r=g","contentUrl":"https:\/\/secure.gravatar.com\/avatar\/f68d1335e0c5035faec56bc85896dfa1?s=96&d=mm&r=g","caption":"mathilde.gerard@yrnet.com"},"url":"https:\/\/abspace.yves-rocher.com\/author\/mathilde-gerardyrnet-com\/"}]}},"_links":{"self":[{"href":"https:\/\/abspace.yves-rocher.com\/ws\/wp\/v2\/posts\/2686","targetHints":{"allow":["GET"]}}],"collection":[{"href":"https:\/\/abspace.yves-rocher.com\/ws\/wp\/v2\/posts"}],"about":[{"href":"https:\/\/abspace.yves-rocher.com\/ws\/wp\/v2\/types\/post"}],"author":[{"embeddable":true,"href":"https:\/\/abspace.yves-rocher.com\/ws\/wp\/v2\/users\/29670"}],"replies":[{"embeddable":true,"href":"https:\/\/abspace.yves-rocher.com\/ws\/wp\/v2\/comments?post=2686"}],"version-history":[{"count":13,"href":"https:\/\/abspace.yves-rocher.com\/ws\/wp\/v2\/posts\/2686\/revisions"}],"predecessor-version":[{"id":10250,"href":"https:\/\/abspace.yves-rocher.com\/ws\/wp\/v2\/posts\/2686\/revisions\/10250"}],"wp:featuredmedia":[{"embeddable":true,"href":"https:\/\/abspace.yves-rocher.com\/ws\/wp\/v2\/media\/2724"}],"wp:attachment":[{"href":"https:\/\/abspace.yves-rocher.com\/ws\/wp\/v2\/media?parent=2686"}],"wp:term":[{"taxonomy":"category","embeddable":true,"href":"https:\/\/abspace.yves-rocher.com\/ws\/wp\/v2\/categories?post=2686"},{"taxonomy":"post_tag","embeddable":true,"href":"https:\/\/abspace.yves-rocher.com\/ws\/wp\/v2\/tags?post=2686"}],"curies":[{"name":"wp","href":"https:\/\/api.w.org\/{rel}","templated":true}]}}