{"id":3202,"date":"2018-02-06T15:48:39","date_gmt":"2018-02-06T15:48:39","guid":{"rendered":"http:\/\/abspace.yves-rocher.com\/?p=3202"},"modified":"2021-10-26T12:58:46","modified_gmt":"2021-10-26T12:58:46","slug":"la-recette-secrete-de-votre-gel-creme-hydratation-48h-non-stop","status":"publish","type":"post","link":"https:\/\/abspace.yves-rocher.com\/la-recette-secrete-de-votre-gel-creme-hydratation-48h-non-stop\/","title":{"rendered":"La recette secr\u00e8te de votre Gel Cr\u00e8me Hydratation"},"content":{"rendered":"<div id=\"pl-3202\"  class=\"panel-layout\" ><div id=\"pg-3202-0\"  class=\"panel-grid panel-no-style\" ><div id=\"pgc-3202-0-0\"  class=\"panel-grid-cell\" >            <div class=\"textWidget header-description \">\r\n                <p>Efficacit\u00e9, Plaisir et S\u00e9curit\u00e9, d\u00e9couvrez ses principaux ingr\u00e9dients !<\/p>\r\n            <\/div>\r\n    <\/div><\/div><div id=\"pg-3202-1\"  class=\"panel-grid panel-no-style\" ><div id=\"pgc-3202-1-0\"  class=\"panel-grid-cell\" ><div id=\"panel-3202-1-0-0\" class=\"so-panel widget widget_sow-image panel-first-child panel-last-child\" data-index=\"1\" ><div\n\t\t\t\n\t\t\tclass=\"so-widget-sow-image so-widget-sow-image-default-8b5b6f678277-3202\"\n\t\t\t\n\t\t>\r\n\r\n\r\n<div class=\"sow-image-container\">\r\n    \r\n    <img loading=\"lazy\" decoding=\"async\" src=\"https:\/\/abspace.yves-rocher.com\/wp-content\/uploads\/sites\/1\/2018\/02\/1804_autre_Image1_750x552.jpg\" width=\"750\" height=\"552\" srcset=\"\"          class=\"so-widget-image\" \/>\r\n\r\n    \r\n    \r\n    <\/div>\r\n\r\n<\/div><\/div><\/div><div id=\"pgc-3202-1-1\"  class=\"panel-grid-cell\" ><div id=\"panel-3202-1-1-0\" class=\"so-panel widget widget_sow-editor panel-first-child panel-last-child\" data-index=\"2\" ><div\n\t\t\t\n\t\t\tclass=\"so-widget-sow-editor so-widget-sow-editor-base\"\n\t\t\t\n\t\t>\n<div class=\"siteorigin-widget-tinymce textwidget\">\n\t<p>\u00a0<\/p>\n<p>On vous l\u2019a d\u00e9j\u00e0 dit, pour une peau bien hydrat\u00e9e, il faut\u00a0<strong>3 choses<\/strong>\u00a0:<\/p>\n<p>- 1\/\u00a0<strong>STOCKER<\/strong>\u00a0l\u2019eau dans les diff\u00e9rentes couches de la peau<\/p>\n<p>- 2\/\u00a0<strong>RETENIR<\/strong>\u00a0l\u2019eau en limitant son \u00e9vaporation gr\u00e2ce \u00e0 la barri\u00e8re cutan\u00e9e<\/p>\n<p>- 3\/\u00a0<strong>LIB\u00c9RER<\/strong>\u00a0l\u2019eau par diffusion continue<\/p>\n<\/div>\n<\/div><\/div><\/div><\/div><div id=\"pg-3202-2\"  class=\"panel-grid panel-no-style\" ><div id=\"pgc-3202-2-0\"  class=\"panel-grid-cell\" ><div id=\"panel-3202-2-0-0\" class=\"so-panel widget widget_sow-editor panel-first-child panel-last-child\" data-index=\"3\" ><div\n\t\t\t\n\t\t\tclass=\"so-widget-sow-editor so-widget-sow-editor-base\"\n\t\t\t\n\t\t>\n<div class=\"siteorigin-widget-tinymce textwidget\">\n\t<h3>D\u00e9couvrez notre recette pour une peau bien hydrat\u00e9e<\/h3>\n<\/div>\n<\/div><\/div><\/div><\/div><div id=\"pg-3202-3\"  class=\"panel-grid panel-no-style\" ><div id=\"pgc-3202-3-0\"  class=\"panel-grid-cell\" ><div id=\"panel-3202-3-0-0\" class=\"so-panel widget widget_sow-editor panel-first-child\" data-index=\"4\" ><div\n\t\t\t\n\t\t\tclass=\"so-widget-sow-editor so-widget-sow-editor-base\"\n\t\t\t\n\t\t>\n<div class=\"siteorigin-widget-tinymce textwidget\">\n\t<p class=\"Pa1\" style=\"line-height: normal;\"><span class=\"A5\"><span style=\"font-size: 11.0pt;\"><strong>La vedette de la recette<\/strong> : <\/span><\/span><strong><span style=\"font-size: 11.0pt; font-family: 'Cambria',serif;\">\u00a0<\/span><span class=\"A5\"><span style=\"font-size: 11.0pt; font-family: MartinGotURWTOTMed;\">L\u2019eau Cellulaire d\u2019Edulis, <\/span><\/span><\/strong><span class=\"A5\"><span style=\"font-size: 11.0pt;\">le super champion de l\u2019hydratation (il est tellement fort qu\u2019on en met peu, mais c\u2019est optimal<\/span><\/span><span class=\"A5\"><span style=\"font-size: 11.0pt; font-family: 'Cambria',serif;\">\u00a0<\/span><\/span><span class=\"A5\"><span style=\"font-size: 11.0pt;\">!)<\/span><\/span><\/p>\n<p class=\"Pa1\" style=\"line-height: normal;\">\u00a0<\/p>\n<\/div>\n<\/div><\/div><div id=\"panel-3202-3-0-1\" class=\"so-panel widget widget_sow-editor panel-last-child\" data-index=\"5\" ><div\n\t\t\t\n\t\t\tclass=\"so-widget-sow-editor so-widget-sow-editor-base\"\n\t\t\t\n\t\t>\n<div class=\"siteorigin-widget-tinymce textwidget\">\n\t<p><strong>Les ingr\u00e9dients d'origine naturelle\u00a0<\/strong>:<\/p>\n<ul>\n<li>De l\u2019eau florale d\u2019<strong>Hamam\u00e9lis<\/strong> pour <strong>apaiser<\/strong> (La peau qui tiraille tr\u00e8s peu pour moi\u2026)<\/li>\n<li>La fra\u00eecheur de l\u2019<strong>Alo\u00e9 Vera<\/strong>\u00a0 et de la <strong>Glyc\u00e9rine<\/strong> pour\u00a0<strong>l\u2019hydratation<\/strong>.<\/li>\n<li>De la <strong>Betterave sucri\u00e8re<\/strong>\u00a0pour la \"<strong>r\u00e9tention d\u2019eau<\/strong>\" (oui, pour les cellules de la peau c\u2019est cool !)<\/li>\n<li>De l\u2019Huile de <strong>Macadamia<\/strong> pour la <strong>nutrition et le confort<\/strong><\/li>\n<li>De l\u2019inositol, issu du <strong>Riz<\/strong>, pour <strong>faire mieux respirer<\/strong> les cellules et une <strong>peau \u00e9clatante<\/strong>\u00a0!<\/li>\n<\/ul>\n<\/div>\n<\/div><\/div><\/div><div id=\"pgc-3202-3-1\"  class=\"panel-grid-cell\" ><div id=\"panel-3202-3-1-0\" class=\"so-panel widget widget_sow-image panel-first-child panel-last-child\" data-index=\"6\" ><div\n\t\t\t\n\t\t\tclass=\"so-widget-sow-image so-widget-sow-image-default-8b5b6f678277-3202\"\n\t\t\t\n\t\t>\r\n\r\n\r\n<div class=\"sow-image-container\">\r\n    \r\n    <img loading=\"lazy\" decoding=\"async\" src=\"https:\/\/abspace.yves-rocher.com\/wp-content\/uploads\/sites\/1\/2018\/02\/750X776_Recette_FR_GB.jpg\" width=\"548\" height=\"550\" srcset=\"\"          class=\"so-widget-image\" \/>\r\n\r\n    \r\n    \r\n    <\/div>\r\n\r\n<\/div><\/div><\/div><\/div><div id=\"pg-3202-4\"  class=\"panel-grid panel-no-style\" ><div id=\"pgc-3202-4-0\"  class=\"panel-grid-cell\" ><div id=\"panel-3202-4-0-0\" class=\"so-panel widget widget_sow-editor panel-first-child panel-last-child\" data-index=\"7\" ><div\n\t\t\t\n\t\t\tclass=\"so-widget-sow-editor so-widget-sow-editor-base\"\n\t\t\t\n\t\t>\n<div class=\"siteorigin-widget-tinymce textwidget\">\n\t<p>Une \"cuiller\u00e9e\" d\u2019<strong>ingr\u00e9dients synth\u00e9tiques<\/strong> pour la s\u00e9curit\u00e9 et la sensorialit\u00e9 (mais toujours \u00e0 leur juste dose et avec parcimonie\u00a0!)<\/p>\n<p><strong>Et pas<\/strong>\u00a0: d\u2019huile min\u00e9rale, de silicone, de parab\u00e8ne, de colorant. Ils sont inutiles, les autres ingr\u00e9dients ont tous les bienfaits n\u00e9cessaires pour \u00e9veiller vos sens et une recette efficace.<\/p>\n<\/div>\n<\/div><\/div><\/div><\/div><div id=\"pg-3202-5\"  class=\"panel-grid panel-no-style\" ><div id=\"pgc-3202-5-0\"  class=\"panel-grid-cell\" ><div id=\"panel-3202-5-0-0\" class=\"so-panel widget widget_sow-editor panel-first-child panel-last-child\" data-index=\"8\" ><div\n\t\t\t\n\t\t\tclass=\"so-widget-sow-editor so-widget-sow-editor-base\"\n\t\t\t\n\t\t>\n<div class=\"siteorigin-widget-tinymce textwidget\">\n\t<p class=\"Default\"><strong><span class=\"A5\"><span style=\"font-size: 11.0pt;\">NB<\/span><\/span><span class=\"A5\"><span style=\"font-size: 11.0pt; font-family: 'Cambria',serif;\">\u00a0<\/span><\/span><\/strong><span class=\"A5\"><span style=\"font-size: 11.0pt;\"><strong>:<\/strong> Notre recette secr\u00e8te \u00e0 <strong>plus de 90% d\u2019ingr\u00e9dients d\u2019origine naturelle<\/strong> a \u00e9t\u00e9 test\u00e9e sous le contr\u00f4le d\u2019un gentil dermatologue<\/span><\/span><span class=\"A5\"><span style=\"font-size: 11.0pt;\">, testez-la \u00e0 votre tour et partagez-nous vos avis sur la fiche produit : url\u00a0<\/span><\/span><\/p>\n<p class=\"Default\">Cet article vous a sans doute mis l'eau \u00e0 la bouche mais vos produits cosm\u00e9tiques ne sont pas comestibles !\u00a0<\/p>\n<p class=\"Default\">\u00a0<\/p>\n<\/div>\n<\/div><\/div><\/div><\/div><\/div>","protected":false},"excerpt":{"rendered":"<p>D\u00e9couvrez en d\u00e9tail notre gel cr\u00e8me pour une hydratation 48h non stop.<\/p>\n","protected":false},"author":1,"featured_media":0,"comment_status":"open","ping_status":"open","sticky":false,"template":"","format":"standard","meta":{"_acf_changed":false,"footnotes":""},"categories":[29],"tags":[363,339,291,285,345],"class_list":["post-3202","post","type-post","status-publish","format-standard","hentry","category-uncategorized-en","tag-edulis","tag-expertisebeaute","tag-hydratation","tag-onvousdittout","tag-soinsvisage"],"acf":[],"yoast_head":"<!-- This site is optimized with the Yoast SEO plugin v24.7 - https:\/\/yoast.com\/wordpress\/plugins\/seo\/ -->\n<title>La recette secr\u00e8te de votre Gel Cr\u00e8me Hydratation - CENTRAL YR AB<\/title>\n<meta name=\"robots\" content=\"index, follow, max-snippet:-1, max-image-preview:large, max-video-preview:-1\" \/>\n<link rel=\"canonical\" href=\"https:\/\/abspace.yves-rocher.com\/la-recette-secrete-de-votre-gel-creme-hydratation-48h-non-stop\/\" \/>\n<meta property=\"og:locale\" content=\"fr_FR\" \/>\n<meta property=\"og:type\" content=\"article\" \/>\n<meta property=\"og:title\" content=\"La recette secr\u00e8te de votre Gel Cr\u00e8me Hydratation - CENTRAL YR AB\" \/>\n<meta property=\"og:description\" content=\"D\u00e9couvrez en d\u00e9tail notre gel cr\u00e8me pour une hydratation 48h non stop.\" \/>\n<meta property=\"og:url\" content=\"https:\/\/abspace.yves-rocher.com\/la-recette-secrete-de-votre-gel-creme-hydratation-48h-non-stop\/\" \/>\n<meta property=\"og:site_name\" content=\"CENTRAL YR AB\" \/>\n<meta property=\"article:published_time\" content=\"2018-02-06T15:48:39+00:00\" \/>\n<meta property=\"article:modified_time\" content=\"2021-10-26T12:58:46+00:00\" \/>\n<meta property=\"og:image\" content=\"http:\/\/abspace.yves-rocher.com\/wp-content\/uploads\/sites\/1\/2018\/02\/1804_autre_Image1_750x552.jpg\" \/>\n<meta name=\"author\" content=\"krdsadmin\" \/>\n<meta name=\"twitter:card\" content=\"summary_large_image\" \/>\n<meta name=\"twitter:label1\" content=\"Written by\" \/>\n\t<meta name=\"twitter:data1\" content=\"krdsadmin\" \/>\n\t<meta name=\"twitter:label2\" content=\"Est. reading time\" \/>\n\t<meta name=\"twitter:data2\" content=\"2 minutes\" \/>\n<script type=\"application\/ld+json\" class=\"yoast-schema-graph\">{\"@context\":\"https:\/\/schema.org\",\"@graph\":[{\"@type\":\"WebPage\",\"@id\":\"https:\/\/abspace.yves-rocher.com\/la-recette-secrete-de-votre-gel-creme-hydratation-48h-non-stop\/\",\"url\":\"https:\/\/abspace.yves-rocher.com\/la-recette-secrete-de-votre-gel-creme-hydratation-48h-non-stop\/\",\"name\":\"La recette secr\u00e8te de votre Gel Cr\u00e8me Hydratation - CENTRAL YR AB\",\"isPartOf\":{\"@id\":\"https:\/\/abspace.yves-rocher.com\/#website\"},\"primaryImageOfPage\":{\"@id\":\"https:\/\/abspace.yves-rocher.com\/la-recette-secrete-de-votre-gel-creme-hydratation-48h-non-stop\/#primaryimage\"},\"image\":{\"@id\":\"https:\/\/abspace.yves-rocher.com\/la-recette-secrete-de-votre-gel-creme-hydratation-48h-non-stop\/#primaryimage\"},\"thumbnailUrl\":\"http:\/\/abspace.yves-rocher.com\/wp-content\/uploads\/sites\/1\/2018\/02\/1804_autre_Image1_750x552.jpg\",\"datePublished\":\"2018-02-06T15:48:39+00:00\",\"dateModified\":\"2021-10-26T12:58:46+00:00\",\"author\":{\"@id\":\"https:\/\/abspace.yves-rocher.com\/#\/schema\/person\/ec696ee18287f26537143fb2cfd6f3a9\"},\"breadcrumb\":{\"@id\":\"https:\/\/abspace.yves-rocher.com\/la-recette-secrete-de-votre-gel-creme-hydratation-48h-non-stop\/#breadcrumb\"},\"inLanguage\":\"fr-FR\",\"potentialAction\":[{\"@type\":\"ReadAction\",\"target\":[\"https:\/\/abspace.yves-rocher.com\/la-recette-secrete-de-votre-gel-creme-hydratation-48h-non-stop\/\"]}]},{\"@type\":\"ImageObject\",\"inLanguage\":\"fr-FR\",\"@id\":\"https:\/\/abspace.yves-rocher.com\/la-recette-secrete-de-votre-gel-creme-hydratation-48h-non-stop\/#primaryimage\",\"url\":\"http:\/\/abspace.yves-rocher.com\/wp-content\/uploads\/sites\/1\/2018\/02\/1804_autre_Image1_750x552.jpg\",\"contentUrl\":\"http:\/\/abspace.yves-rocher.com\/wp-content\/uploads\/sites\/1\/2018\/02\/1804_autre_Image1_750x552.jpg\"},{\"@type\":\"BreadcrumbList\",\"@id\":\"https:\/\/abspace.yves-rocher.com\/la-recette-secrete-de-votre-gel-creme-hydratation-48h-non-stop\/#breadcrumb\",\"itemListElement\":[{\"@type\":\"ListItem\",\"position\":1,\"name\":\"Home\",\"item\":\"https:\/\/abspace.yves-rocher.com\/\"},{\"@type\":\"ListItem\",\"position\":2,\"name\":\"La recette secr\u00e8te de votre Gel Cr\u00e8me Hydratation\"}]},{\"@type\":\"WebSite\",\"@id\":\"https:\/\/abspace.yves-rocher.com\/#website\",\"url\":\"https:\/\/abspace.yves-rocher.com\/\",\"name\":\"CENTRAL YR AB\",\"description\":\"CENTRAL YR AB\",\"potentialAction\":[{\"@type\":\"SearchAction\",\"target\":{\"@type\":\"EntryPoint\",\"urlTemplate\":\"https:\/\/abspace.yves-rocher.com\/?s={search_term_string}\"},\"query-input\":{\"@type\":\"PropertyValueSpecification\",\"valueRequired\":true,\"valueName\":\"search_term_string\"}}],\"inLanguage\":\"fr-FR\"},{\"@type\":\"Person\",\"@id\":\"https:\/\/abspace.yves-rocher.com\/#\/schema\/person\/ec696ee18287f26537143fb2cfd6f3a9\",\"name\":\"krdsadmin\",\"image\":{\"@type\":\"ImageObject\",\"inLanguage\":\"fr-FR\",\"@id\":\"https:\/\/abspace.yves-rocher.com\/#\/schema\/person\/image\/\",\"url\":\"https:\/\/secure.gravatar.com\/avatar\/93174a0612e45c1a7b3ff213533800d4?s=96&d=mm&r=g\",\"contentUrl\":\"https:\/\/secure.gravatar.com\/avatar\/93174a0612e45c1a7b3ff213533800d4?s=96&d=mm&r=g\",\"caption\":\"krdsadmin\"},\"url\":\"https:\/\/abspace.yves-rocher.com\/author\/krdsadmin\/\"}]}<\/script>\n<!-- \/ Yoast SEO plugin. -->","yoast_head_json":{"title":"La recette secr\u00e8te de votre Gel Cr\u00e8me Hydratation - CENTRAL YR AB","robots":{"index":"index","follow":"follow","max-snippet":"max-snippet:-1","max-image-preview":"max-image-preview:large","max-video-preview":"max-video-preview:-1"},"canonical":"https:\/\/abspace.yves-rocher.com\/la-recette-secrete-de-votre-gel-creme-hydratation-48h-non-stop\/","og_locale":"fr_FR","og_type":"article","og_title":"La recette secr\u00e8te de votre Gel Cr\u00e8me Hydratation - CENTRAL YR AB","og_description":"D\u00e9couvrez en d\u00e9tail notre gel cr\u00e8me pour une hydratation 48h non stop.","og_url":"https:\/\/abspace.yves-rocher.com\/la-recette-secrete-de-votre-gel-creme-hydratation-48h-non-stop\/","og_site_name":"CENTRAL YR AB","article_published_time":"2018-02-06T15:48:39+00:00","article_modified_time":"2021-10-26T12:58:46+00:00","og_image":[{"url":"http:\/\/abspace.yves-rocher.com\/wp-content\/uploads\/sites\/1\/2018\/02\/1804_autre_Image1_750x552.jpg","type":"","width":"","height":""}],"author":"krdsadmin","twitter_card":"summary_large_image","twitter_misc":{"Written by":"krdsadmin","Est. reading time":"2 minutes"},"schema":{"@context":"https:\/\/schema.org","@graph":[{"@type":"WebPage","@id":"https:\/\/abspace.yves-rocher.com\/la-recette-secrete-de-votre-gel-creme-hydratation-48h-non-stop\/","url":"https:\/\/abspace.yves-rocher.com\/la-recette-secrete-de-votre-gel-creme-hydratation-48h-non-stop\/","name":"La recette secr\u00e8te de votre Gel Cr\u00e8me Hydratation - CENTRAL YR AB","isPartOf":{"@id":"https:\/\/abspace.yves-rocher.com\/#website"},"primaryImageOfPage":{"@id":"https:\/\/abspace.yves-rocher.com\/la-recette-secrete-de-votre-gel-creme-hydratation-48h-non-stop\/#primaryimage"},"image":{"@id":"https:\/\/abspace.yves-rocher.com\/la-recette-secrete-de-votre-gel-creme-hydratation-48h-non-stop\/#primaryimage"},"thumbnailUrl":"http:\/\/abspace.yves-rocher.com\/wp-content\/uploads\/sites\/1\/2018\/02\/1804_autre_Image1_750x552.jpg","datePublished":"2018-02-06T15:48:39+00:00","dateModified":"2021-10-26T12:58:46+00:00","author":{"@id":"https:\/\/abspace.yves-rocher.com\/#\/schema\/person\/ec696ee18287f26537143fb2cfd6f3a9"},"breadcrumb":{"@id":"https:\/\/abspace.yves-rocher.com\/la-recette-secrete-de-votre-gel-creme-hydratation-48h-non-stop\/#breadcrumb"},"inLanguage":"fr-FR","potentialAction":[{"@type":"ReadAction","target":["https:\/\/abspace.yves-rocher.com\/la-recette-secrete-de-votre-gel-creme-hydratation-48h-non-stop\/"]}]},{"@type":"ImageObject","inLanguage":"fr-FR","@id":"https:\/\/abspace.yves-rocher.com\/la-recette-secrete-de-votre-gel-creme-hydratation-48h-non-stop\/#primaryimage","url":"http:\/\/abspace.yves-rocher.com\/wp-content\/uploads\/sites\/1\/2018\/02\/1804_autre_Image1_750x552.jpg","contentUrl":"http:\/\/abspace.yves-rocher.com\/wp-content\/uploads\/sites\/1\/2018\/02\/1804_autre_Image1_750x552.jpg"},{"@type":"BreadcrumbList","@id":"https:\/\/abspace.yves-rocher.com\/la-recette-secrete-de-votre-gel-creme-hydratation-48h-non-stop\/#breadcrumb","itemListElement":[{"@type":"ListItem","position":1,"name":"Home","item":"https:\/\/abspace.yves-rocher.com\/"},{"@type":"ListItem","position":2,"name":"La recette secr\u00e8te de votre Gel Cr\u00e8me Hydratation"}]},{"@type":"WebSite","@id":"https:\/\/abspace.yves-rocher.com\/#website","url":"https:\/\/abspace.yves-rocher.com\/","name":"CENTRAL YR AB","description":"CENTRAL YR AB","potentialAction":[{"@type":"SearchAction","target":{"@type":"EntryPoint","urlTemplate":"https:\/\/abspace.yves-rocher.com\/?s={search_term_string}"},"query-input":{"@type":"PropertyValueSpecification","valueRequired":true,"valueName":"search_term_string"}}],"inLanguage":"fr-FR"},{"@type":"Person","@id":"https:\/\/abspace.yves-rocher.com\/#\/schema\/person\/ec696ee18287f26537143fb2cfd6f3a9","name":"krdsadmin","image":{"@type":"ImageObject","inLanguage":"fr-FR","@id":"https:\/\/abspace.yves-rocher.com\/#\/schema\/person\/image\/","url":"https:\/\/secure.gravatar.com\/avatar\/93174a0612e45c1a7b3ff213533800d4?s=96&d=mm&r=g","contentUrl":"https:\/\/secure.gravatar.com\/avatar\/93174a0612e45c1a7b3ff213533800d4?s=96&d=mm&r=g","caption":"krdsadmin"},"url":"https:\/\/abspace.yves-rocher.com\/author\/krdsadmin\/"}]}},"_links":{"self":[{"href":"https:\/\/abspace.yves-rocher.com\/ws\/wp\/v2\/posts\/3202","targetHints":{"allow":["GET"]}}],"collection":[{"href":"https:\/\/abspace.yves-rocher.com\/ws\/wp\/v2\/posts"}],"about":[{"href":"https:\/\/abspace.yves-rocher.com\/ws\/wp\/v2\/types\/post"}],"author":[{"embeddable":true,"href":"https:\/\/abspace.yves-rocher.com\/ws\/wp\/v2\/users\/1"}],"replies":[{"embeddable":true,"href":"https:\/\/abspace.yves-rocher.com\/ws\/wp\/v2\/comments?post=3202"}],"version-history":[{"count":20,"href":"https:\/\/abspace.yves-rocher.com\/ws\/wp\/v2\/posts\/3202\/revisions"}],"predecessor-version":[{"id":9939,"href":"https:\/\/abspace.yves-rocher.com\/ws\/wp\/v2\/posts\/3202\/revisions\/9939"}],"wp:attachment":[{"href":"https:\/\/abspace.yves-rocher.com\/ws\/wp\/v2\/media?parent=3202"}],"wp:term":[{"taxonomy":"category","embeddable":true,"href":"https:\/\/abspace.yves-rocher.com\/ws\/wp\/v2\/categories?post=3202"},{"taxonomy":"post_tag","embeddable":true,"href":"https:\/\/abspace.yves-rocher.com\/ws\/wp\/v2\/tags?post=3202"}],"curies":[{"name":"wp","href":"https:\/\/api.w.org\/{rel}","templated":true}]}}