{"id":4686,"date":"2018-09-27T11:49:14","date_gmt":"2018-09-27T11:49:14","guid":{"rendered":"https:\/\/abspace.yves-rocher.com\/?p=4686"},"modified":"2018-11-20T15:01:50","modified_gmt":"2018-11-20T15:01:50","slug":"nos-astuces-pour-un-teint-eclatant","status":"publish","type":"post","link":"https:\/\/abspace.yves-rocher.com\/nos-astuces-pour-un-teint-eclatant\/","title":{"rendered":"Nos astuces pour un teint \u00e9clatant"},"content":{"rendered":"<div id=\"pl-4686\"  class=\"panel-layout\" ><div id=\"pg-4686-0\"  class=\"panel-grid panel-no-style\" ><div id=\"pgc-4686-0-0\"  class=\"panel-grid-cell\" >            <div class=\"textWidget header-description \">\r\n                <p>Une jolie peau rayonnante toute l\u2019ann\u00e9e, c\u2019est possible ! Alimentation, routine beaut\u00e9, make-up\u2026 R\u00e9v\u00e9ler l\u2019\u00e9clat de votre teint n\u2019a jamais \u00e9t\u00e9 aussi facile !<\/p>\r\n            <\/div>\r\n    <\/div><\/div><div id=\"pg-4686-1\"  class=\"panel-grid panel-no-style\" ><div id=\"pgc-4686-1-0\"  class=\"panel-grid-cell\" ><div id=\"panel-4686-1-0-0\" class=\"so-panel widget widget_sow-editor panel-first-child panel-last-child\" data-index=\"1\" ><div\n\t\t\t\n\t\t\tclass=\"so-widget-sow-editor so-widget-sow-editor-base\"\n\t\t\t\n\t\t>\n<div class=\"siteorigin-widget-tinymce textwidget\">\n\t<p>Grisaille, froid, alimentation trop riche... L'hiver, tout est r\u00e9uni pour ruiner votre belle mine. Rassurez-vous avoir un teint \u00e9clatant en hiver c'est possible. Suivez nos astuces, vous allez rayonner !<\/p>\n<p><strong>On commence par l\u2019assiette !<\/strong> <\/p>\n<p>Et oui, il n\u2019y a pas de secret\u2026 <strong>Votre premier alli\u00e9 beaut\u00e9 c\u2019est ce que vous mangez !<\/strong> On mise donc sur des aliments qui vont chouchouter votre peau, et il y a en a beaucoup\u2026 Voici notre petite s\u00e9lection :<\/p>\n<p>- Pour <strong>une bonne mine<\/strong>, le b\u00eata-carot\u00e8ne : m\u00eame si les abricots et les p\u00eaches ne sont plus de saison, vous pouvez quand m\u00eame consommer carottes, \u00e9pinards, choux, brocoli, salade verte, mangues et oranges cet hiver.<br \/>- Pour <strong>l\u2019\u00e9lasticit\u00e9 de la peau<\/strong>, les om\u00e9gas 3 et 6 : poissons gras (saumon, maquereau...), huile d\u2019olive.<br \/>- Pour <strong>am\u00e9liorer la production de collag\u00e8ne<\/strong>, la vitamine C : kiwi, \u00e9pinards, fenouil, poivron\u2026<br \/>- Pour<strong> lutter contre le vieillissement de la peau<\/strong>, la vitamine E : huiles v\u00e9g\u00e9tales (l'huile d'olive ou de colza), \u00e9pinards, ol\u00e9agineux (amandes, cacahu\u00e8tes, noisettes\u2026), l'avocat.<\/p>\n<p>Et bien s\u00fbr, une belle peau c\u2019est une peau hydrat\u00e9e alors on boit beaucoup d\u2019eau !<\/p>\n<\/div>\n<\/div><\/div><\/div><div id=\"pgc-4686-1-1\"  class=\"panel-grid-cell\" ><div id=\"panel-4686-1-1-0\" class=\"so-panel widget widget_sow-image panel-first-child panel-last-child\" data-index=\"2\" ><div\n\t\t\t\n\t\t\tclass=\"so-widget-sow-image so-widget-sow-image-default-8b5b6f678277-4686\"\n\t\t\t\n\t\t>\r\n\r\n\r\n<div class=\"sow-image-container\">\r\n    \r\n    <img loading=\"lazy\" decoding=\"async\" src=\"https:\/\/abspace.yves-rocher.com\/wp-content\/uploads\/sites\/1\/2018\/09\/1812_ASTUCES-beaute_image1_1100x552.jpg\" width=\"1100\" height=\"552\" srcset=\"\"          class=\"so-widget-image\" \/>\r\n\r\n    \r\n    \r\n    <\/div>\r\n\r\n<\/div><\/div><\/div><\/div><div id=\"pg-4686-2\"  class=\"panel-grid panel-no-style\" ><div id=\"pgc-4686-2-0\"  class=\"panel-grid-cell\" ><div id=\"panel-4686-2-0-0\" class=\"so-panel widget widget_sow-image panel-first-child panel-last-child\" data-index=\"3\" ><div\n\t\t\t\n\t\t\tclass=\"so-widget-sow-image so-widget-sow-image-default-8b5b6f678277-4686\"\n\t\t\t\n\t\t>\r\n\r\n\r\n<div class=\"sow-image-container\">\r\n    \r\n    <img loading=\"lazy\" decoding=\"async\" src=\"https:\/\/abspace.yves-rocher.com\/wp-content\/uploads\/sites\/1\/2018\/09\/1812_ASTUCES-beaute_image2_1100x552.jpg\" width=\"1100\" height=\"552\" srcset=\"\"          class=\"so-widget-image\" \/>\r\n\r\n    \r\n    \r\n    <\/div>\r\n\r\n<\/div><\/div><\/div><div id=\"pgc-4686-2-1\"  class=\"panel-grid-cell\" ><div id=\"panel-4686-2-1-0\" class=\"so-panel widget widget_sow-editor panel-first-child panel-last-child\" data-index=\"4\" ><div\n\t\t\t\n\t\t\tclass=\"so-widget-sow-editor so-widget-sow-editor-base\"\n\t\t\t\n\t\t>\n<div class=\"siteorigin-widget-tinymce textwidget\">\n\t<p><strong>On adopte une routine beaut\u00e9<\/strong> <\/p>\n<p>Pour un teint \u00e9clatant, c\u2019est tr\u00e8s simple, cela se passe <strong>en 3 \u00e9tapes : on exfolie, on booste et on hydrate !<\/strong> <\/p>\n<p><strong>\u00c9tape 1 : j\u2019affine mon grain et r\u00e9v\u00e8le l\u2019\u00e9clat de ma peau gr\u00e2ce au gommage !<\/strong><br \/>On opte par exemple pour le Gommage Exfoliant \u00e0 la Poudre d'Abricot qui exfolie en douceur : points noirs \u00e9limin\u00e9s, pores resserr\u00e9s et renouvellement cellulaire stimul\u00e9, le tour est jou\u00e9 !<\/p>\n<p><strong>\u00c9tape 2 : je dis adieu \u00e0 mon teint terne en optant pour le masque !<\/strong> <br \/>Pour une mine radieuse, on r\u00e9veille et booste son teint \u00e0 l\u2019aide du Masque \u00c9clat \u00e0 l'Argousier ! Coup de fouet \u00e0 votre peau terne assur\u00e9 !<\/p>\n<p><strong>\u00c9tape 3 : je redonne de la souplesse, de l\u2019\u00e9clat et de la fermet\u00e9 \u00e0 ma peau en l\u2019hydratant !<\/strong><br \/>Vous le savez, l\u2019hydratation c\u2019est le B.A-BA de votre routine beaut\u00e9 ! Le S\u00e9rum Liquide Ultra-Hydratant Hydra V\u00e9g\u00e9tal par exemple, sera parfait pour redonner de l\u2019\u00e9clat \u00e0 votre peau. Pour un teint parfait, adoptez-le comme premier geste beaut\u00e9 ! Il deviendra indispensable \u00e0 votre routine soin\u2026<br \/>Si vous vous posez des questions sur l\u2019hydratation, on vous r\u00e9pond dans <a href=\"https:\/\/www.yves-rocher.fr\/actbeautiful\/fr\/fr\/hydratation-repond-vos-questions\">cet article<\/a> !<\/p>\n<\/div>\n<\/div><\/div><\/div><\/div><div id=\"pg-4686-3\"  class=\"panel-grid panel-no-style\" ><div id=\"pgc-4686-3-0\"  class=\"panel-grid-cell\" ><div id=\"panel-4686-3-0-0\" class=\"so-panel widget widget_sow-editor panel-first-child\" data-index=\"5\" ><div\n\t\t\t\n\t\t\tclass=\"so-widget-sow-editor so-widget-sow-editor-base\"\n\t\t\t\n\t\t>\n<div class=\"siteorigin-widget-tinymce textwidget\">\n\t<p><strong>On opte pour un make-up glowy !<\/strong><\/p>\n<p>Le make-up peut aussi donner un petit coup de boost \u00e0 votre teint ! <\/p>\n<p>On choisit la Base de teint Peau Parfaite qui donne de l\u2019\u00e9clat ! <br \/>\u00a0<br \/>Pour un teint radieux, on fonce sur une poudre qui assure une bonne mine ! Au choix : le Duo Enlumineur et ses 2 teintes illuminatrices ou la Poudre Soleil pour un effet h\u00e2l\u00e9 !<\/p>\n<\/div>\n<\/div><\/div><div id=\"panel-4686-3-0-1\" class=\"so-panel widget widget_sow-editor panel-last-child\" data-index=\"6\" ><div\n\t\t\t\n\t\t\tclass=\"so-widget-sow-editor so-widget-sow-editor-base\"\n\t\t\t\n\t\t>\n<div class=\"siteorigin-widget-tinymce textwidget\">\n\t<p><strong>On fait scintiller son regard<\/strong> avec le Jumbo Couleur V\u00e9g\u00e9tale Nacr\u00e9 ou les Fards \u00e0 Paupi\u00e8res Nacr\u00e9s.<strong><br \/><\/strong><br \/>Rouge \u00e0 l\u00e8vres Vertige Effet Nacr\u00e9, Crayon L\u00e8vres \u00c9clat ou en Baume Liquide <strong>pour un effet glossy, vous avez le choix !<\/strong><\/p>\n<p><strong>Pour un look \u00e9clatant de la t\u00eate aux pieds et pour ensoleiller un peu nos journ\u00e9es<\/strong>, on peut aussi oser le Mono\u00ef aux Nacres Illuminatrices ! Du mono\u00ef \u00e0 cette saison ? Et bien oui pourquoi pas, il n\u2019y a pas de raison pour se contenter de s\u2019en mettre qu\u2019en \u00e9t\u00e9 !<\/p>\n<p>Retrouvez notre look ensoleill\u00e9 et glowy en int\u00e9gralit\u00e9 !<\/p>\n<\/div>\n<\/div><\/div><\/div><div id=\"pgc-4686-3-1\"  class=\"panel-grid-cell\" ><div id=\"panel-4686-3-1-0\" class=\"so-panel widget widget_sow-image panel-first-child panel-last-child\" data-index=\"7\" ><div\n\t\t\t\n\t\t\tclass=\"so-widget-sow-image so-widget-sow-image-default-8b5b6f678277-4686\"\n\t\t\t\n\t\t>\r\n\r\n\r\n<div class=\"sow-image-container\">\r\n    \r\n    <img loading=\"lazy\" decoding=\"async\" src=\"https:\/\/abspace.yves-rocher.com\/wp-content\/uploads\/sites\/1\/2018\/09\/1812_ASTUCES-beaute_image3_1100x552.jpg\" width=\"1100\" height=\"552\" srcset=\"\"          class=\"so-widget-image\" \/>\r\n\r\n    \r\n    \r\n    <\/div>\r\n\r\n<\/div><\/div><\/div><\/div><div id=\"pg-4686-4\"  class=\"panel-grid panel-no-style\" ><div id=\"pgc-4686-4-0\"  class=\"panel-grid-cell\" ><div id=\"panel-4686-4-0-0\" class=\"so-panel widget widget_sow-editor panel-first-child\" data-index=\"8\" ><div\n\t\t\t\n\t\t\tclass=\"so-widget-sow-editor so-widget-sow-editor-base\"\n\t\t\t\n\t\t>\n<div class=\"siteorigin-widget-tinymce textwidget\">\n\t<h2>\u00a0<\/h2>\n<h2><strong>Cure belle peau express post No\u00ebl<\/strong><\/h2>\n<\/div>\n<\/div><\/div><div id=\"panel-4686-4-0-1\" class=\"so-panel widget widget_sow-editor panel-last-child\" data-index=\"9\" ><div\n\t\t\t\n\t\t\tclass=\"so-widget-sow-editor so-widget-sow-editor-base\"\n\t\t\t\n\t\t>\n<div class=\"siteorigin-widget-tinymce textwidget\">\n\t<p>\u00a0<\/p>\n<p><strong>Cure belle peau express post No\u00ebl<\/strong><\/p>\n<p>Les exc\u00e8s des f\u00eates se r\u00e9percutent souvent sur votre peau, c'est LE moment id\u00e9al o\u00f9 les rougeurs, boutons et autres imperfections envahissent l'\u00e9piderme. Alors <strong>comment r\u00e9cup\u00e9rer une peau saine en 1 semaine express<\/strong>, par\u00e9e pour le Nouvel An ?<\/p>\n<p><strong>Premi\u00e8re chose, r\u00e9cup\u00e9rer un corps sain<br \/><\/strong><br \/>Hop ! au saut du lit \u00e0 jeun, un verre d'eau ti\u00e8de avec du jus de citron, bon pour assainir le foie . Exit les repas lourds, <strong>privil\u00e9giez des aliments riches en fibres<\/strong>, elles am\u00e9liorent le transit intestinal. Buvez de l'eau ou des tisanes, votre peau a besoin d'\u00eatre purifi\u00e9e de l'int\u00e9rieur. Oubliez-donc les chocolats pour quelques jours !<\/p>\n<p><strong>Prendre soin de sa peau, \u00e9puis\u00e9e par le rythme des f\u00eates<\/strong><\/p>\n<p>Teint gris\u00e9 ? Utilisez le Gel Nettoyant Ultra Fra\u00eecheur matin et soir <strong>pour retirer les impuret\u00e9s et les restes de maquillage<\/strong>. Un regard fatigu\u00e9, des poches ? Passer le Roll On D\u00e9fatiguant sur vos cernes les rendra moins visibles. Le Gel Cr\u00e8me Hydratation est parfait pour <strong>apporter un coup de frais \u00e0 votre teint et assurer une bonne hydratation<\/strong> \u00e0 votre peau.<\/p>\n<p><strong>Une pause pour votre peau : no make up ou soin institut<br \/><\/strong><br \/>Essayez de <strong>ne pas vous maquiller pendant ce laps de temps<\/strong> entre No\u00ebl et le premier de l'An, laissez votre peau respirer. Vous pouvez aussi opter pour un soin visage en institut Yves Rocher : un break dans l'euphorie des f\u00eates de fin d'ann\u00e9e, avec un Soin d\u00e9tox \u00e0 l'Aloe Vera et aux S\u00e8ves Hydrocaptrices.<\/p>\n<\/div>\n<\/div><\/div><\/div><\/div><div id=\"pg-4686-5\"  class=\"panel-grid panel-no-style\" ><div id=\"pgc-4686-5-0\"  class=\"panel-grid-cell\" ><div id=\"panel-4686-5-0-0\" class=\"so-panel widget panel-first-child panel-last-child\" data-index=\"10\" ><\/div><\/div><\/div><\/div>","protected":false},"excerpt":{"rendered":"<p>Nos astuces pour r\u00e9v\u00e9ler l&#8217;\u00e9clat de votre teint !<\/p>\n","protected":false},"author":188608,"featured_media":4909,"comment_status":"open","ping_status":"open","sticky":false,"template":"","format":"standard","meta":{"_acf_changed":false,"footnotes":""},"categories":[29],"tags":[149,155,309],"class_list":["post-4686","post","type-post","status-publish","format-standard","has-post-thumbnail","hentry","category-uncategorized-en","tag-astucebeaute","tag-bellepeau","tag-maquillage"],"acf":[],"yoast_head":"<!-- This site is optimized with the Yoast SEO plugin v24.7 - https:\/\/yoast.com\/wordpress\/plugins\/seo\/ -->\n<title>Nos astuces pour un teint \u00e9clatant - CENTRAL YR AB<\/title>\n<meta name=\"robots\" content=\"index, follow, max-snippet:-1, max-image-preview:large, max-video-preview:-1\" \/>\n<link rel=\"canonical\" href=\"https:\/\/abspace.yves-rocher.com\/nos-astuces-pour-un-teint-eclatant\/\" \/>\n<meta property=\"og:locale\" content=\"fr_FR\" \/>\n<meta property=\"og:type\" content=\"article\" \/>\n<meta property=\"og:title\" content=\"Nos astuces pour un teint \u00e9clatant - CENTRAL YR AB\" \/>\n<meta property=\"og:description\" content=\"Nos astuces pour r\u00e9v\u00e9ler l&#039;\u00e9clat de votre teint !\" \/>\n<meta property=\"og:url\" content=\"https:\/\/abspace.yves-rocher.com\/nos-astuces-pour-un-teint-eclatant\/\" \/>\n<meta property=\"og:site_name\" content=\"CENTRAL YR AB\" \/>\n<meta property=\"article:published_time\" content=\"2018-09-27T11:49:14+00:00\" \/>\n<meta property=\"article:modified_time\" content=\"2018-11-20T15:01:50+00:00\" \/>\n<meta property=\"og:image\" content=\"https:\/\/abspace.yves-rocher.com\/wp-content\/uploads\/sites\/1\/2018\/09\/1812_D_HP-AB-SPACE_Image4_750x776.jpg\" \/>\n\t<meta property=\"og:image:width\" content=\"750\" \/>\n\t<meta property=\"og:image:height\" content=\"776\" \/>\n\t<meta property=\"og:image:type\" content=\"image\/jpeg\" \/>\n<meta name=\"author\" content=\"nolwenndrevet\" \/>\n<meta name=\"twitter:card\" content=\"summary_large_image\" \/>\n<meta name=\"twitter:label1\" content=\"Written by\" \/>\n\t<meta name=\"twitter:data1\" content=\"nolwenndrevet\" \/>\n\t<meta name=\"twitter:label2\" content=\"Est. reading time\" \/>\n\t<meta name=\"twitter:data2\" content=\"4 minutes\" \/>\n<script type=\"application\/ld+json\" class=\"yoast-schema-graph\">{\"@context\":\"https:\/\/schema.org\",\"@graph\":[{\"@type\":\"WebPage\",\"@id\":\"https:\/\/abspace.yves-rocher.com\/nos-astuces-pour-un-teint-eclatant\/\",\"url\":\"https:\/\/abspace.yves-rocher.com\/nos-astuces-pour-un-teint-eclatant\/\",\"name\":\"Nos astuces pour un teint \u00e9clatant - CENTRAL YR AB\",\"isPartOf\":{\"@id\":\"https:\/\/abspace.yves-rocher.com\/#website\"},\"primaryImageOfPage\":{\"@id\":\"https:\/\/abspace.yves-rocher.com\/nos-astuces-pour-un-teint-eclatant\/#primaryimage\"},\"image\":{\"@id\":\"https:\/\/abspace.yves-rocher.com\/nos-astuces-pour-un-teint-eclatant\/#primaryimage\"},\"thumbnailUrl\":\"https:\/\/abspace.yves-rocher.com\/wp-content\/uploads\/sites\/1\/2018\/09\/1812_D_HP-AB-SPACE_Image4_750x776.jpg\",\"datePublished\":\"2018-09-27T11:49:14+00:00\",\"dateModified\":\"2018-11-20T15:01:50+00:00\",\"author\":{\"@id\":\"https:\/\/abspace.yves-rocher.com\/#\/schema\/person\/8e1970aa5ef24a5ec6bdf6d14f304b4e\"},\"breadcrumb\":{\"@id\":\"https:\/\/abspace.yves-rocher.com\/nos-astuces-pour-un-teint-eclatant\/#breadcrumb\"},\"inLanguage\":\"fr-FR\",\"potentialAction\":[{\"@type\":\"ReadAction\",\"target\":[\"https:\/\/abspace.yves-rocher.com\/nos-astuces-pour-un-teint-eclatant\/\"]}]},{\"@type\":\"ImageObject\",\"inLanguage\":\"fr-FR\",\"@id\":\"https:\/\/abspace.yves-rocher.com\/nos-astuces-pour-un-teint-eclatant\/#primaryimage\",\"url\":\"https:\/\/abspace.yves-rocher.com\/wp-content\/uploads\/sites\/1\/2018\/09\/1812_D_HP-AB-SPACE_Image4_750x776.jpg\",\"contentUrl\":\"https:\/\/abspace.yves-rocher.com\/wp-content\/uploads\/sites\/1\/2018\/09\/1812_D_HP-AB-SPACE_Image4_750x776.jpg\",\"width\":750,\"height\":776},{\"@type\":\"BreadcrumbList\",\"@id\":\"https:\/\/abspace.yves-rocher.com\/nos-astuces-pour-un-teint-eclatant\/#breadcrumb\",\"itemListElement\":[{\"@type\":\"ListItem\",\"position\":1,\"name\":\"Home\",\"item\":\"https:\/\/abspace.yves-rocher.com\/\"},{\"@type\":\"ListItem\",\"position\":2,\"name\":\"Nos astuces pour un teint \u00e9clatant\"}]},{\"@type\":\"WebSite\",\"@id\":\"https:\/\/abspace.yves-rocher.com\/#website\",\"url\":\"https:\/\/abspace.yves-rocher.com\/\",\"name\":\"CENTRAL YR AB\",\"description\":\"CENTRAL YR AB\",\"potentialAction\":[{\"@type\":\"SearchAction\",\"target\":{\"@type\":\"EntryPoint\",\"urlTemplate\":\"https:\/\/abspace.yves-rocher.com\/?s={search_term_string}\"},\"query-input\":{\"@type\":\"PropertyValueSpecification\",\"valueRequired\":true,\"valueName\":\"search_term_string\"}}],\"inLanguage\":\"fr-FR\"},{\"@type\":\"Person\",\"@id\":\"https:\/\/abspace.yves-rocher.com\/#\/schema\/person\/8e1970aa5ef24a5ec6bdf6d14f304b4e\",\"name\":\"nolwenndrevet\",\"image\":{\"@type\":\"ImageObject\",\"inLanguage\":\"fr-FR\",\"@id\":\"https:\/\/abspace.yves-rocher.com\/#\/schema\/person\/image\/\",\"url\":\"https:\/\/secure.gravatar.com\/avatar\/9f52e1a836597aebf5a6bf0f10d4aca5?s=96&d=mm&r=g\",\"contentUrl\":\"https:\/\/secure.gravatar.com\/avatar\/9f52e1a836597aebf5a6bf0f10d4aca5?s=96&d=mm&r=g\",\"caption\":\"nolwenndrevet\"},\"url\":\"https:\/\/abspace.yves-rocher.com\/author\/nolwenndrevet\/\"}]}<\/script>\n<!-- \/ Yoast SEO plugin. -->","yoast_head_json":{"title":"Nos astuces pour un teint \u00e9clatant - CENTRAL YR AB","robots":{"index":"index","follow":"follow","max-snippet":"max-snippet:-1","max-image-preview":"max-image-preview:large","max-video-preview":"max-video-preview:-1"},"canonical":"https:\/\/abspace.yves-rocher.com\/nos-astuces-pour-un-teint-eclatant\/","og_locale":"fr_FR","og_type":"article","og_title":"Nos astuces pour un teint \u00e9clatant - CENTRAL YR AB","og_description":"Nos astuces pour r\u00e9v\u00e9ler l'\u00e9clat de votre teint !","og_url":"https:\/\/abspace.yves-rocher.com\/nos-astuces-pour-un-teint-eclatant\/","og_site_name":"CENTRAL YR AB","article_published_time":"2018-09-27T11:49:14+00:00","article_modified_time":"2018-11-20T15:01:50+00:00","og_image":[{"width":750,"height":776,"url":"https:\/\/abspace.yves-rocher.com\/wp-content\/uploads\/sites\/1\/2018\/09\/1812_D_HP-AB-SPACE_Image4_750x776.jpg","type":"image\/jpeg"}],"author":"nolwenndrevet","twitter_card":"summary_large_image","twitter_misc":{"Written by":"nolwenndrevet","Est. reading time":"4 minutes"},"schema":{"@context":"https:\/\/schema.org","@graph":[{"@type":"WebPage","@id":"https:\/\/abspace.yves-rocher.com\/nos-astuces-pour-un-teint-eclatant\/","url":"https:\/\/abspace.yves-rocher.com\/nos-astuces-pour-un-teint-eclatant\/","name":"Nos astuces pour un teint \u00e9clatant - CENTRAL YR AB","isPartOf":{"@id":"https:\/\/abspace.yves-rocher.com\/#website"},"primaryImageOfPage":{"@id":"https:\/\/abspace.yves-rocher.com\/nos-astuces-pour-un-teint-eclatant\/#primaryimage"},"image":{"@id":"https:\/\/abspace.yves-rocher.com\/nos-astuces-pour-un-teint-eclatant\/#primaryimage"},"thumbnailUrl":"https:\/\/abspace.yves-rocher.com\/wp-content\/uploads\/sites\/1\/2018\/09\/1812_D_HP-AB-SPACE_Image4_750x776.jpg","datePublished":"2018-09-27T11:49:14+00:00","dateModified":"2018-11-20T15:01:50+00:00","author":{"@id":"https:\/\/abspace.yves-rocher.com\/#\/schema\/person\/8e1970aa5ef24a5ec6bdf6d14f304b4e"},"breadcrumb":{"@id":"https:\/\/abspace.yves-rocher.com\/nos-astuces-pour-un-teint-eclatant\/#breadcrumb"},"inLanguage":"fr-FR","potentialAction":[{"@type":"ReadAction","target":["https:\/\/abspace.yves-rocher.com\/nos-astuces-pour-un-teint-eclatant\/"]}]},{"@type":"ImageObject","inLanguage":"fr-FR","@id":"https:\/\/abspace.yves-rocher.com\/nos-astuces-pour-un-teint-eclatant\/#primaryimage","url":"https:\/\/abspace.yves-rocher.com\/wp-content\/uploads\/sites\/1\/2018\/09\/1812_D_HP-AB-SPACE_Image4_750x776.jpg","contentUrl":"https:\/\/abspace.yves-rocher.com\/wp-content\/uploads\/sites\/1\/2018\/09\/1812_D_HP-AB-SPACE_Image4_750x776.jpg","width":750,"height":776},{"@type":"BreadcrumbList","@id":"https:\/\/abspace.yves-rocher.com\/nos-astuces-pour-un-teint-eclatant\/#breadcrumb","itemListElement":[{"@type":"ListItem","position":1,"name":"Home","item":"https:\/\/abspace.yves-rocher.com\/"},{"@type":"ListItem","position":2,"name":"Nos astuces pour un teint \u00e9clatant"}]},{"@type":"WebSite","@id":"https:\/\/abspace.yves-rocher.com\/#website","url":"https:\/\/abspace.yves-rocher.com\/","name":"CENTRAL YR AB","description":"CENTRAL YR AB","potentialAction":[{"@type":"SearchAction","target":{"@type":"EntryPoint","urlTemplate":"https:\/\/abspace.yves-rocher.com\/?s={search_term_string}"},"query-input":{"@type":"PropertyValueSpecification","valueRequired":true,"valueName":"search_term_string"}}],"inLanguage":"fr-FR"},{"@type":"Person","@id":"https:\/\/abspace.yves-rocher.com\/#\/schema\/person\/8e1970aa5ef24a5ec6bdf6d14f304b4e","name":"nolwenndrevet","image":{"@type":"ImageObject","inLanguage":"fr-FR","@id":"https:\/\/abspace.yves-rocher.com\/#\/schema\/person\/image\/","url":"https:\/\/secure.gravatar.com\/avatar\/9f52e1a836597aebf5a6bf0f10d4aca5?s=96&d=mm&r=g","contentUrl":"https:\/\/secure.gravatar.com\/avatar\/9f52e1a836597aebf5a6bf0f10d4aca5?s=96&d=mm&r=g","caption":"nolwenndrevet"},"url":"https:\/\/abspace.yves-rocher.com\/author\/nolwenndrevet\/"}]}},"_links":{"self":[{"href":"https:\/\/abspace.yves-rocher.com\/ws\/wp\/v2\/posts\/4686","targetHints":{"allow":["GET"]}}],"collection":[{"href":"https:\/\/abspace.yves-rocher.com\/ws\/wp\/v2\/posts"}],"about":[{"href":"https:\/\/abspace.yves-rocher.com\/ws\/wp\/v2\/types\/post"}],"author":[{"embeddable":true,"href":"https:\/\/abspace.yves-rocher.com\/ws\/wp\/v2\/users\/188608"}],"replies":[{"embeddable":true,"href":"https:\/\/abspace.yves-rocher.com\/ws\/wp\/v2\/comments?post=4686"}],"version-history":[{"count":10,"href":"https:\/\/abspace.yves-rocher.com\/ws\/wp\/v2\/posts\/4686\/revisions"}],"predecessor-version":[{"id":4688,"href":"https:\/\/abspace.yves-rocher.com\/ws\/wp\/v2\/posts\/4686\/revisions\/4688"}],"wp:featuredmedia":[{"embeddable":true,"href":"https:\/\/abspace.yves-rocher.com\/ws\/wp\/v2\/media\/4909"}],"wp:attachment":[{"href":"https:\/\/abspace.yves-rocher.com\/ws\/wp\/v2\/media?parent=4686"}],"wp:term":[{"taxonomy":"category","embeddable":true,"href":"https:\/\/abspace.yves-rocher.com\/ws\/wp\/v2\/categories?post=4686"},{"taxonomy":"post_tag","embeddable":true,"href":"https:\/\/abspace.yves-rocher.com\/ws\/wp\/v2\/tags?post=4686"}],"curies":[{"name":"wp","href":"https:\/\/api.w.org\/{rel}","templated":true}]}}