{"id":5365,"date":"2018-11-02T15:28:40","date_gmt":"2018-11-02T15:28:40","guid":{"rendered":"https:\/\/abspace.yves-rocher.com\/?p=5365"},"modified":"2018-12-20T15:01:57","modified_gmt":"2018-12-20T15:01:57","slug":"mon-soin-visage-efficace-et-bien-teste","status":"publish","type":"post","link":"https:\/\/abspace.yves-rocher.com\/mon-soin-visage-efficace-et-bien-teste\/","title":{"rendered":"Mon soin visage, efficace et bien test\u00e9 !"},"content":{"rendered":"<div id=\"pl-5365\"  class=\"panel-layout\" ><div id=\"pg-5365-0\"  class=\"panel-grid panel-no-style\" ><div id=\"pgc-5365-0-0\"  class=\"panel-grid-cell\" >            <div class=\"textWidget header-description \">\r\n                <p>Vous \u00eates-vous d\u00e9j\u00e0 demand\u00e9 comment fait-on pour savoir si nos soins visage sont vraiment efficaces ? On vous explique quelles sont les \u00e9tapes de test avant que votre soin arrive chez vous !<\/p>\r\n            <\/div>\r\n    <\/div><\/div><div id=\"pg-5365-1\"  class=\"panel-grid panel-no-style\" ><div id=\"pgc-5365-1-0\"  class=\"panel-grid-cell\" ><div id=\"panel-5365-1-0-0\" class=\"so-panel widget widget_sow-editor panel-first-child\" data-index=\"1\" ><div\n\t\t\t\n\t\t\tclass=\"so-widget-sow-editor so-widget-sow-editor-base\"\n\t\t\t\n\t\t>\n<div class=\"siteorigin-widget-tinymce textwidget\">\n\t<p>La naturalit\u00e9 d\u2019un soin s\u2019oppose-t-elle \u00e0 son efficacit\u00e9 ? Pas du tout ! Notre Cosm\u00e9tique V\u00e9g\u00e9tale\u00ae allie pouvoir des actifs v\u00e9g\u00e9taux avec le plus d\u2019ingr\u00e9dients d\u2019origine naturelle possible, pour une efficacit\u00e9 prouv\u00e9e et confirm\u00e9e par les femmes.<\/p>\n<p>Chez Yves Rocher, on teste et on teste\u2026 pendant des mois, parfois des ann\u00e9es, du moment o\u00f9 l\u2019actif v\u00e9g\u00e9tal est incorpor\u00e9 dans la formule, jusqu\u2019\u00e0 la mise sur le march\u00e9 du produit cosm\u00e9tique.<br \/>\u00a0<br \/>Mais alors comment se passent ces tests ? Tout d\u2019abord, nous r\u00e9alisons des tests in-vitro sur nos actifs v\u00e9g\u00e9taux au Laboratoire de Biologie Cutan\u00e9e Yves Rocher en France, et ensuite des tests in-vivo suivis par des questionnaires de satisfaction au CERCO (Centre d\u2019Etudes et de Recherches en Cosm\u00e9tologie), institut agr\u00e9\u00e9 par le Minist\u00e8re fran\u00e7ais de la Sant\u00e9.<\/p>\n<p>Retrouvez dans la vid\u00e9o suivante les \u00e9tapes de test et les diff\u00e9rents acteurs impliqu\u00e9s dans la recherche de l\u2019efficacit\u00e9 des soins visage Yves Rocher, et ne manquez pas ce rendez-vous avec les experts en Cosm\u00e9tologie !<\/p>\n<\/div>\n<\/div><\/div><div id=\"panel-5365-1-0-1\" class=\"so-panel widget widget_siteorigin-panels-embedded-video panel-last-child\" data-index=\"2\" ><div class=\"siteorigin-fitvids\"><\/div><\/div><\/div><\/div><div id=\"pg-5365-2\"  class=\"panel-grid panel-no-style\" ><div id=\"pgc-5365-2-0\"  class=\"panel-grid-cell\" ><div id=\"panel-5365-2-0-0\" class=\"so-panel widget panel-first-child panel-last-child\" data-index=\"3\" ><\/div><\/div><\/div><\/div>","protected":false},"excerpt":{"rendered":"<p>Comment fait-on pour savoir si nos soins visage sont vraiment efficaces ? <\/p>\n","protected":false},"author":188608,"featured_media":5431,"comment_status":"open","ping_status":"open","sticky":false,"template":"","format":"standard","meta":{"_acf_changed":false,"footnotes":""},"categories":[29],"tags":[155,339,345],"class_list":["post-5365","post","type-post","status-publish","format-standard","has-post-thumbnail","hentry","category-uncategorized-en","tag-bellepeau","tag-expertisebeaute","tag-soinsvisage"],"acf":[],"yoast_head":"<!-- This site is optimized with the Yoast SEO plugin v24.7 - https:\/\/yoast.com\/wordpress\/plugins\/seo\/ -->\n<title>Mon soin visage, efficace et bien test\u00e9 ! - CENTRAL YR AB<\/title>\n<meta name=\"robots\" content=\"index, follow, max-snippet:-1, max-image-preview:large, max-video-preview:-1\" \/>\n<link rel=\"canonical\" href=\"https:\/\/abspace.yves-rocher.com\/mon-soin-visage-efficace-et-bien-teste\/\" \/>\n<meta property=\"og:locale\" content=\"fr_FR\" \/>\n<meta property=\"og:type\" content=\"article\" \/>\n<meta property=\"og:title\" content=\"Mon soin visage, efficace et bien test\u00e9 ! - CENTRAL YR AB\" \/>\n<meta property=\"og:description\" content=\"Comment fait-on pour savoir si nos soins visage sont vraiment efficaces ?\" \/>\n<meta property=\"og:url\" content=\"https:\/\/abspace.yves-rocher.com\/mon-soin-visage-efficace-et-bien-teste\/\" \/>\n<meta property=\"og:site_name\" content=\"CENTRAL YR AB\" \/>\n<meta property=\"article:published_time\" content=\"2018-11-02T15:28:40+00:00\" \/>\n<meta property=\"article:modified_time\" content=\"2018-12-20T15:01:57+00:00\" \/>\n<meta property=\"og:image\" content=\"https:\/\/abspace.yves-rocher.com\/wp-content\/uploads\/sites\/1\/2018\/11\/1902_D_HP-AB-SPACE_Image9_750x1036.jpg\" \/>\n\t<meta property=\"og:image:width\" content=\"750\" \/>\n\t<meta property=\"og:image:height\" content=\"1036\" \/>\n\t<meta property=\"og:image:type\" content=\"image\/jpeg\" \/>\n<meta name=\"author\" content=\"nolwenndrevet\" \/>\n<meta name=\"twitter:card\" content=\"summary_large_image\" \/>\n<meta name=\"twitter:label1\" content=\"Written by\" \/>\n\t<meta name=\"twitter:data1\" content=\"nolwenndrevet\" \/>\n<script type=\"application\/ld+json\" class=\"yoast-schema-graph\">{\"@context\":\"https:\/\/schema.org\",\"@graph\":[{\"@type\":\"WebPage\",\"@id\":\"https:\/\/abspace.yves-rocher.com\/mon-soin-visage-efficace-et-bien-teste\/\",\"url\":\"https:\/\/abspace.yves-rocher.com\/mon-soin-visage-efficace-et-bien-teste\/\",\"name\":\"Mon soin visage, efficace et bien test\u00e9 ! - CENTRAL YR AB\",\"isPartOf\":{\"@id\":\"https:\/\/abspace.yves-rocher.com\/#website\"},\"primaryImageOfPage\":{\"@id\":\"https:\/\/abspace.yves-rocher.com\/mon-soin-visage-efficace-et-bien-teste\/#primaryimage\"},\"image\":{\"@id\":\"https:\/\/abspace.yves-rocher.com\/mon-soin-visage-efficace-et-bien-teste\/#primaryimage\"},\"thumbnailUrl\":\"https:\/\/abspace.yves-rocher.com\/wp-content\/uploads\/sites\/1\/2018\/11\/1902_D_HP-AB-SPACE_Image9_750x1036.jpg\",\"datePublished\":\"2018-11-02T15:28:40+00:00\",\"dateModified\":\"2018-12-20T15:01:57+00:00\",\"author\":{\"@id\":\"https:\/\/abspace.yves-rocher.com\/#\/schema\/person\/8e1970aa5ef24a5ec6bdf6d14f304b4e\"},\"breadcrumb\":{\"@id\":\"https:\/\/abspace.yves-rocher.com\/mon-soin-visage-efficace-et-bien-teste\/#breadcrumb\"},\"inLanguage\":\"fr-FR\",\"potentialAction\":[{\"@type\":\"ReadAction\",\"target\":[\"https:\/\/abspace.yves-rocher.com\/mon-soin-visage-efficace-et-bien-teste\/\"]}]},{\"@type\":\"ImageObject\",\"inLanguage\":\"fr-FR\",\"@id\":\"https:\/\/abspace.yves-rocher.com\/mon-soin-visage-efficace-et-bien-teste\/#primaryimage\",\"url\":\"https:\/\/abspace.yves-rocher.com\/wp-content\/uploads\/sites\/1\/2018\/11\/1902_D_HP-AB-SPACE_Image9_750x1036.jpg\",\"contentUrl\":\"https:\/\/abspace.yves-rocher.com\/wp-content\/uploads\/sites\/1\/2018\/11\/1902_D_HP-AB-SPACE_Image9_750x1036.jpg\",\"width\":750,\"height\":1036},{\"@type\":\"BreadcrumbList\",\"@id\":\"https:\/\/abspace.yves-rocher.com\/mon-soin-visage-efficace-et-bien-teste\/#breadcrumb\",\"itemListElement\":[{\"@type\":\"ListItem\",\"position\":1,\"name\":\"Home\",\"item\":\"https:\/\/abspace.yves-rocher.com\/\"},{\"@type\":\"ListItem\",\"position\":2,\"name\":\"Mon soin visage, efficace et bien test\u00e9 !\"}]},{\"@type\":\"WebSite\",\"@id\":\"https:\/\/abspace.yves-rocher.com\/#website\",\"url\":\"https:\/\/abspace.yves-rocher.com\/\",\"name\":\"CENTRAL YR AB\",\"description\":\"CENTRAL YR AB\",\"potentialAction\":[{\"@type\":\"SearchAction\",\"target\":{\"@type\":\"EntryPoint\",\"urlTemplate\":\"https:\/\/abspace.yves-rocher.com\/?s={search_term_string}\"},\"query-input\":{\"@type\":\"PropertyValueSpecification\",\"valueRequired\":true,\"valueName\":\"search_term_string\"}}],\"inLanguage\":\"fr-FR\"},{\"@type\":\"Person\",\"@id\":\"https:\/\/abspace.yves-rocher.com\/#\/schema\/person\/8e1970aa5ef24a5ec6bdf6d14f304b4e\",\"name\":\"nolwenndrevet\",\"image\":{\"@type\":\"ImageObject\",\"inLanguage\":\"fr-FR\",\"@id\":\"https:\/\/abspace.yves-rocher.com\/#\/schema\/person\/image\/\",\"url\":\"https:\/\/secure.gravatar.com\/avatar\/9f52e1a836597aebf5a6bf0f10d4aca5?s=96&d=mm&r=g\",\"contentUrl\":\"https:\/\/secure.gravatar.com\/avatar\/9f52e1a836597aebf5a6bf0f10d4aca5?s=96&d=mm&r=g\",\"caption\":\"nolwenndrevet\"},\"url\":\"https:\/\/abspace.yves-rocher.com\/author\/nolwenndrevet\/\"}]}<\/script>\n<!-- \/ Yoast SEO plugin. -->","yoast_head_json":{"title":"Mon soin visage, efficace et bien test\u00e9 ! - CENTRAL YR AB","robots":{"index":"index","follow":"follow","max-snippet":"max-snippet:-1","max-image-preview":"max-image-preview:large","max-video-preview":"max-video-preview:-1"},"canonical":"https:\/\/abspace.yves-rocher.com\/mon-soin-visage-efficace-et-bien-teste\/","og_locale":"fr_FR","og_type":"article","og_title":"Mon soin visage, efficace et bien test\u00e9 ! - CENTRAL YR AB","og_description":"Comment fait-on pour savoir si nos soins visage sont vraiment efficaces ?","og_url":"https:\/\/abspace.yves-rocher.com\/mon-soin-visage-efficace-et-bien-teste\/","og_site_name":"CENTRAL YR AB","article_published_time":"2018-11-02T15:28:40+00:00","article_modified_time":"2018-12-20T15:01:57+00:00","og_image":[{"width":750,"height":1036,"url":"https:\/\/abspace.yves-rocher.com\/wp-content\/uploads\/sites\/1\/2018\/11\/1902_D_HP-AB-SPACE_Image9_750x1036.jpg","type":"image\/jpeg"}],"author":"nolwenndrevet","twitter_card":"summary_large_image","twitter_misc":{"Written by":"nolwenndrevet"},"schema":{"@context":"https:\/\/schema.org","@graph":[{"@type":"WebPage","@id":"https:\/\/abspace.yves-rocher.com\/mon-soin-visage-efficace-et-bien-teste\/","url":"https:\/\/abspace.yves-rocher.com\/mon-soin-visage-efficace-et-bien-teste\/","name":"Mon soin visage, efficace et bien test\u00e9 ! - CENTRAL YR AB","isPartOf":{"@id":"https:\/\/abspace.yves-rocher.com\/#website"},"primaryImageOfPage":{"@id":"https:\/\/abspace.yves-rocher.com\/mon-soin-visage-efficace-et-bien-teste\/#primaryimage"},"image":{"@id":"https:\/\/abspace.yves-rocher.com\/mon-soin-visage-efficace-et-bien-teste\/#primaryimage"},"thumbnailUrl":"https:\/\/abspace.yves-rocher.com\/wp-content\/uploads\/sites\/1\/2018\/11\/1902_D_HP-AB-SPACE_Image9_750x1036.jpg","datePublished":"2018-11-02T15:28:40+00:00","dateModified":"2018-12-20T15:01:57+00:00","author":{"@id":"https:\/\/abspace.yves-rocher.com\/#\/schema\/person\/8e1970aa5ef24a5ec6bdf6d14f304b4e"},"breadcrumb":{"@id":"https:\/\/abspace.yves-rocher.com\/mon-soin-visage-efficace-et-bien-teste\/#breadcrumb"},"inLanguage":"fr-FR","potentialAction":[{"@type":"ReadAction","target":["https:\/\/abspace.yves-rocher.com\/mon-soin-visage-efficace-et-bien-teste\/"]}]},{"@type":"ImageObject","inLanguage":"fr-FR","@id":"https:\/\/abspace.yves-rocher.com\/mon-soin-visage-efficace-et-bien-teste\/#primaryimage","url":"https:\/\/abspace.yves-rocher.com\/wp-content\/uploads\/sites\/1\/2018\/11\/1902_D_HP-AB-SPACE_Image9_750x1036.jpg","contentUrl":"https:\/\/abspace.yves-rocher.com\/wp-content\/uploads\/sites\/1\/2018\/11\/1902_D_HP-AB-SPACE_Image9_750x1036.jpg","width":750,"height":1036},{"@type":"BreadcrumbList","@id":"https:\/\/abspace.yves-rocher.com\/mon-soin-visage-efficace-et-bien-teste\/#breadcrumb","itemListElement":[{"@type":"ListItem","position":1,"name":"Home","item":"https:\/\/abspace.yves-rocher.com\/"},{"@type":"ListItem","position":2,"name":"Mon soin visage, efficace et bien test\u00e9 !"}]},{"@type":"WebSite","@id":"https:\/\/abspace.yves-rocher.com\/#website","url":"https:\/\/abspace.yves-rocher.com\/","name":"CENTRAL YR AB","description":"CENTRAL YR AB","potentialAction":[{"@type":"SearchAction","target":{"@type":"EntryPoint","urlTemplate":"https:\/\/abspace.yves-rocher.com\/?s={search_term_string}"},"query-input":{"@type":"PropertyValueSpecification","valueRequired":true,"valueName":"search_term_string"}}],"inLanguage":"fr-FR"},{"@type":"Person","@id":"https:\/\/abspace.yves-rocher.com\/#\/schema\/person\/8e1970aa5ef24a5ec6bdf6d14f304b4e","name":"nolwenndrevet","image":{"@type":"ImageObject","inLanguage":"fr-FR","@id":"https:\/\/abspace.yves-rocher.com\/#\/schema\/person\/image\/","url":"https:\/\/secure.gravatar.com\/avatar\/9f52e1a836597aebf5a6bf0f10d4aca5?s=96&d=mm&r=g","contentUrl":"https:\/\/secure.gravatar.com\/avatar\/9f52e1a836597aebf5a6bf0f10d4aca5?s=96&d=mm&r=g","caption":"nolwenndrevet"},"url":"https:\/\/abspace.yves-rocher.com\/author\/nolwenndrevet\/"}]}},"_links":{"self":[{"href":"https:\/\/abspace.yves-rocher.com\/ws\/wp\/v2\/posts\/5365","targetHints":{"allow":["GET"]}}],"collection":[{"href":"https:\/\/abspace.yves-rocher.com\/ws\/wp\/v2\/posts"}],"about":[{"href":"https:\/\/abspace.yves-rocher.com\/ws\/wp\/v2\/types\/post"}],"author":[{"embeddable":true,"href":"https:\/\/abspace.yves-rocher.com\/ws\/wp\/v2\/users\/188608"}],"replies":[{"embeddable":true,"href":"https:\/\/abspace.yves-rocher.com\/ws\/wp\/v2\/comments?post=5365"}],"version-history":[{"count":4,"href":"https:\/\/abspace.yves-rocher.com\/ws\/wp\/v2\/posts\/5365\/revisions"}],"predecessor-version":[{"id":5446,"href":"https:\/\/abspace.yves-rocher.com\/ws\/wp\/v2\/posts\/5365\/revisions\/5446"}],"wp:featuredmedia":[{"embeddable":true,"href":"https:\/\/abspace.yves-rocher.com\/ws\/wp\/v2\/media\/5431"}],"wp:attachment":[{"href":"https:\/\/abspace.yves-rocher.com\/ws\/wp\/v2\/media?parent=5365"}],"wp:term":[{"taxonomy":"category","embeddable":true,"href":"https:\/\/abspace.yves-rocher.com\/ws\/wp\/v2\/categories?post=5365"},{"taxonomy":"post_tag","embeddable":true,"href":"https:\/\/abspace.yves-rocher.com\/ws\/wp\/v2\/tags?post=5365"}],"curies":[{"name":"wp","href":"https:\/\/api.w.org\/{rel}","templated":true}]}}