{"id":5425,"date":"2018-11-05T11:17:41","date_gmt":"2018-11-05T11:17:41","guid":{"rendered":"https:\/\/abspace.yves-rocher.com\/?p=5425"},"modified":"2018-12-07T13:47:47","modified_gmt":"2018-12-07T13:47:47","slug":"mon-vanity-pour-les-vacances-dhiver","status":"publish","type":"post","link":"https:\/\/abspace.yves-rocher.com\/mon-vanity-pour-les-vacances-dhiver\/","title":{"rendered":"Mon vanity pour les vacances d&#8217;hiver"},"content":{"rendered":"<div id=\"pl-5425\"  class=\"panel-layout\" ><div id=\"pg-5425-0\"  class=\"panel-grid panel-no-style\" ><div id=\"pgc-5425-0-0\"  class=\"panel-grid-cell\" >            <div class=\"textWidget header-description \">\r\n                <p>Votre valise est pr\u00eate pour les vacances ? Vous ne savez pas quoi embarquer dans votre trousse de beaut\u00e9 ? Les collaboratrices Yves Rocher vous pr\u00e9sentent leurs produits chouchous \u00e0 emporter!    <\/p>\r\n            <\/div>\r\n    <\/div><\/div><div id=\"pg-5425-1\"  class=\"panel-grid panel-no-style\" ><div id=\"pgc-5425-1-0\"  class=\"panel-grid-cell\" ><div id=\"panel-5425-1-0-0\" class=\"so-panel widget widget_sow-editor panel-first-child panel-last-child\" data-index=\"1\" ><div\n\t\t\t\n\t\t\tclass=\"so-widget-sow-editor so-widget-sow-editor-base\"\n\t\t\t\n\t\t>\n<div class=\"siteorigin-widget-tinymce textwidget\">\n\t<h3 style=\"text-align: center\">Tout schuss au ski !<\/h3>\n<p>\"Nous le programme c'est ski en famille ! Pour les petits comme les grands, <strong>la neige \u00e7a nous fait r\u00eaver<\/strong>\u00a0 ! J'aime les choses aux c\u00f4t\u00e9s pratiques, surtout lorsque <strong>nous sommes 2 parents plus 2 enfants \u00e0 partir<\/strong>. Du coup, pour la trousse de toilette familiale, je ne pars pas sans <strong>2 Gels Douches Concentr\u00e9s \u00e0 la mangue et \u00e0 la coriandre<\/strong> : petit et pratique, parfait pour deux semaines de vacances \u00e0 la neige. Les enfants sont fans de l'odeur et nous aussi !<\/p>\n<p>J'avoue que <strong>je profite des vacances pour faire un break niveau maquillage<\/strong>. J'ai une peau d\u00e9licate, qui a tendance \u00e0 \u00eatre s\u00e8che plus rapidement l'hiver. J'ai toujours un pot de <strong>Cr\u00e8me Riche Hydratation Non Stop<\/strong> avec moi : super onctueuse, \u00e7a donne un vrai coup de frais \u00e0 la peau le matin au r\u00e9veil, l'hydratation dure toute la journ\u00e9e ! Elle est <strong>parfaite pour affronter les temp\u00e9ratures glaciales<\/strong> !\"<\/p>\n<p>C\u00e9cile, reines des pistes.<\/p>\n<\/div>\n<\/div><\/div><\/div><div id=\"pgc-5425-1-1\"  class=\"panel-grid-cell\" ><div id=\"panel-5425-1-1-0\" class=\"so-panel widget widget_sow-image panel-first-child panel-last-child\" data-index=\"2\" ><div\n\t\t\t\n\t\t\tclass=\"so-widget-sow-image so-widget-sow-image-default-8b5b6f678277-5425\"\n\t\t\t\n\t\t>\r\n\r\n\r\n<div class=\"sow-image-container\">\r\n    \r\n    <img loading=\"lazy\" decoding=\"async\" src=\"https:\/\/abspace.yves-rocher.com\/wp-content\/uploads\/sites\/1\/2018\/11\/1902_vanity-vacances_image1_1100x950.jpg\" width=\"1100\" height=\"950\" srcset=\"\"          class=\"so-widget-image\" \/>\r\n\r\n    \r\n    \r\n    <\/div>\r\n\r\n<\/div><\/div><\/div><\/div><div id=\"pg-5425-2\"  class=\"panel-grid panel-no-style\" ><div id=\"pgc-5425-2-0\"  class=\"panel-grid-cell\" >            <div class=\"webclipping-product-boxes-wrapper\" id=\"fbcf8277-92db-4927-96d2-b00661c7b0e2\">\r\n                <div class=\"webclipping-product-boxes\"\r\n                    data-product-ids=\"R82334, R99291\"\r\n                    data-product-style=\"Standard\"\r\n                    data-slick='{\"variableWidth\": true, \"slidesToShow\": 1,, \"respondTo\": \"min\"}'\r\n                     >\r\n                <\/div>\r\n            <\/div>\r\n\r\n\r\n        <\/div><\/div><div id=\"pg-5425-3\"  class=\"panel-grid panel-no-style\" ><div id=\"pgc-5425-3-0\"  class=\"panel-grid-cell\" ><div id=\"panel-5425-3-0-0\" class=\"so-panel widget widget_sow-image panel-first-child panel-last-child\" data-index=\"4\" ><div\n\t\t\t\n\t\t\tclass=\"so-widget-sow-image so-widget-sow-image-default-8b5b6f678277-5425\"\n\t\t\t\n\t\t>\r\n\r\n\r\n<div class=\"sow-image-container\">\r\n    \r\n    <img loading=\"lazy\" decoding=\"async\" src=\"https:\/\/abspace.yves-rocher.com\/wp-content\/uploads\/sites\/1\/2018\/11\/1902_vanity-vacances_image2_1100x950.jpg\" width=\"1100\" height=\"950\" srcset=\"\"          class=\"so-widget-image\" \/>\r\n\r\n    \r\n    \r\n    <\/div>\r\n\r\n<\/div><\/div><\/div><div id=\"pgc-5425-3-1\"  class=\"panel-grid-cell\" ><div id=\"panel-5425-3-1-0\" class=\"so-panel widget widget_sow-editor panel-first-child panel-last-child\" data-index=\"5\" ><div\n\t\t\t\n\t\t\tclass=\"so-widget-sow-editor so-widget-sow-editor-base\"\n\t\t\t\n\t\t>\n<div class=\"siteorigin-widget-tinymce textwidget\">\n\t<h3 style=\"text-align: center\">Escapade romantique aux States<\/h3>\n<p>\"Pour profiter de la beaut\u00e9 de New York sous la neige, nous partons <strong>deux semaines en amoureux aux Etats-Unis <\/strong>! Pour moi, <strong>ce break avec le boulot c'est l'occasion de me chouchouter<\/strong>, j'adore me faire des masques : le Masque \u00c9clat et le Masque Ressour\u00e7ant sont mes pr\u00e9f\u00e9r\u00e9s, <strong>bien pratiques et faciles \u00e0 emporter en voyage<\/strong>. Les odeurs des deux masques sont fraiches, les textures agr\u00e9ables \u00e0 appliquer... <strong>Mon ch\u00e9ri adore ma peau toute douce !<\/strong><\/p>\n<p>M\u00eame chose pour mes cheveux : le froid les ass\u00e8che l'hiver, je sais qu'un bon Masque Nutri-R\u00e9parateur leur fait beaucoup, beaucoup de bien. <strong>Le d\u00e9m\u00ealage ensuite c'est un vrai bonheur, ils sont doux et souples !\"<\/strong><\/p>\n<p>Camille, amoureuse de la neige.<\/p>\n<\/div>\n<\/div><\/div><\/div><\/div><div id=\"pg-5425-4\"  class=\"panel-grid panel-no-style\" ><div id=\"pgc-5425-4-0\"  class=\"panel-grid-cell\" >            <div class=\"webclipping-product-boxes-wrapper\" id=\"a65c4766-094a-4e57-b07a-1ad858bfe96a\">\r\n                <div class=\"webclipping-product-boxes\"\r\n                    data-product-ids=\"R59007, R58716, R51139\"\r\n                    data-product-style=\"Standard\"\r\n                    data-slick='{\"variableWidth\": true, \"slidesToShow\": 1,, \"respondTo\": \"min\"}'\r\n                     >\r\n                <\/div>\r\n            <\/div>\r\n\r\n\r\n        <\/div><\/div><div id=\"pg-5425-5\"  class=\"panel-grid panel-no-style\" ><div id=\"pgc-5425-5-0\"  class=\"panel-grid-cell\" ><div id=\"panel-5425-5-0-0\" class=\"so-panel widget widget_sow-editor panel-first-child panel-last-child\" data-index=\"7\" ><div\n\t\t\t\n\t\t\tclass=\"so-widget-sow-editor so-widget-sow-editor-base\"\n\t\t\t\n\t\t>\n<div class=\"siteorigin-widget-tinymce textwidget\">\n\t<h3 style=\"text-align: center\">Le ciel, le soleil et la mer<\/h3>\n<p>\"<strong>Destination Hawa\u00ef<\/strong> ! Je veux du soleil et encore du soleil, mais sans ab\u00eemer ma peau. J'embarque le Lait en Spray FPS +50 <strong>pour bronzer en toute tranquillit\u00e9.<\/strong> J'adore la texture, mais aussi l'odeur, il s\u00e8che rapidement en plus !<\/p>\n<p>Cot\u00e9 make-up, avec la chaleur et l'humidit\u00e9, <strong>je privil\u00e9gie la team waterproof<\/strong> : mon combo gagnant, c'est l'Ombre Lifeproof et le Mascara Volume Waterproof. Pas de coulures, super tenue, la couleur de l'Ombre est intense... <strong>Parfait pour profiter de la mer toute la journ\u00e9e !<\/strong><\/p>\n<p>Apr\u00e8s l'exposition au soleil, j'ai souvent la peau qui chauffe et qui tire un peu. J'adore le Baume Corps Fondant Fleur d'Oranger, Lavande et Petit Grain : je sens vraiment qu'il apaise ma peau et <strong>surtout son parfum, un vrai d\u00e9lice !<\/strong>\"<\/p>\n<p>Aur\u00e9lia, en route vers un paradis du Pacifique.<\/p>\n<\/div>\n<\/div><\/div><\/div><div id=\"pgc-5425-5-1\"  class=\"panel-grid-cell\" ><div id=\"panel-5425-5-1-0\" class=\"so-panel widget widget_sow-image panel-first-child panel-last-child\" data-index=\"8\" ><div\n\t\t\t\n\t\t\tclass=\"so-widget-sow-image so-widget-sow-image-default-8b5b6f678277-5425\"\n\t\t\t\n\t\t>\r\n\r\n\r\n<div class=\"sow-image-container\">\r\n    \r\n    <img loading=\"lazy\" decoding=\"async\" src=\"https:\/\/abspace.yves-rocher.com\/wp-content\/uploads\/sites\/1\/2018\/11\/1902_vanity-vacances_image3_1100x950.jpg\" width=\"1100\" height=\"950\" srcset=\"\"          class=\"so-widget-image\" \/>\r\n\r\n    \r\n    \r\n    <\/div>\r\n\r\n<\/div><\/div><\/div><\/div><div id=\"pg-5425-6\"  class=\"panel-grid panel-no-style\" ><div id=\"pgc-5425-6-0\"  class=\"panel-grid-cell\" >            <div class=\"webclipping-product-boxes-wrapper\" id=\"b57efd80-17fd-447c-aa09-74d3839dd49a\">\r\n                <div class=\"webclipping-product-boxes\"\r\n                    data-product-ids=\"R69393, R22988, R89563, R68147\"\r\n                    data-product-style=\"Standard\"\r\n                    data-slick='{\"variableWidth\": true, \"slidesToShow\": 1,, \"respondTo\": \"min\"}'\r\n                     >\r\n                <\/div>\r\n            <\/div>\r\n\r\n\r\n        <\/div><\/div><div id=\"pg-5425-7\"  class=\"panel-grid panel-no-style\" ><div id=\"pgc-5425-7-0\"  class=\"panel-grid-cell\" ><div id=\"panel-5425-7-0-0\" class=\"so-panel widget panel-first-child panel-last-child\" data-index=\"10\" ><\/div><\/div><\/div><\/div>","protected":false},"excerpt":{"rendered":"<p>Les produits pr\u00e9f\u00e9r\u00e9s des collaboratrices Yves Rocher<\/p>\n","protected":false},"author":188608,"featured_media":5465,"comment_status":"open","ping_status":"open","sticky":false,"template":"","format":"standard","meta":{"_acf_changed":false,"footnotes":""},"categories":[29],"tags":[149,309,345],"class_list":["post-5425","post","type-post","status-publish","format-standard","has-post-thumbnail","hentry","category-uncategorized-en","tag-astucebeaute","tag-maquillage","tag-soinsvisage"],"acf":[],"yoast_head":"<!-- This site is optimized with the Yoast SEO plugin v24.7 - https:\/\/yoast.com\/wordpress\/plugins\/seo\/ -->\n<title>Mon vanity pour les vacances d&#039;hiver - CENTRAL YR AB<\/title>\n<meta name=\"robots\" content=\"index, follow, max-snippet:-1, max-image-preview:large, max-video-preview:-1\" \/>\n<link rel=\"canonical\" href=\"https:\/\/abspace.yves-rocher.com\/mon-vanity-pour-les-vacances-dhiver\/\" \/>\n<meta property=\"og:locale\" content=\"fr_FR\" \/>\n<meta property=\"og:type\" content=\"article\" \/>\n<meta property=\"og:title\" content=\"Mon vanity pour les vacances d&#039;hiver - CENTRAL YR AB\" \/>\n<meta property=\"og:description\" content=\"Les produits pr\u00e9f\u00e9r\u00e9s des collaboratrices Yves Rocher\" \/>\n<meta property=\"og:url\" content=\"https:\/\/abspace.yves-rocher.com\/mon-vanity-pour-les-vacances-dhiver\/\" \/>\n<meta property=\"og:site_name\" content=\"CENTRAL YR AB\" \/>\n<meta property=\"article:published_time\" content=\"2018-11-05T11:17:41+00:00\" \/>\n<meta property=\"article:modified_time\" content=\"2018-12-07T13:47:47+00:00\" \/>\n<meta property=\"og:image\" content=\"https:\/\/abspace.yves-rocher.com\/wp-content\/uploads\/sites\/1\/2018\/11\/1902_D_HP-AB-SPACE_Image6_750x1036.jpg\" \/>\n\t<meta property=\"og:image:width\" content=\"750\" \/>\n\t<meta property=\"og:image:height\" content=\"1036\" \/>\n\t<meta property=\"og:image:type\" content=\"image\/jpeg\" \/>\n<meta name=\"author\" content=\"nolwenndrevet\" \/>\n<meta name=\"twitter:card\" content=\"summary_large_image\" \/>\n<meta name=\"twitter:label1\" content=\"Written by\" \/>\n\t<meta name=\"twitter:data1\" content=\"nolwenndrevet\" \/>\n<script type=\"application\/ld+json\" class=\"yoast-schema-graph\">{\"@context\":\"https:\/\/schema.org\",\"@graph\":[{\"@type\":\"WebPage\",\"@id\":\"https:\/\/abspace.yves-rocher.com\/mon-vanity-pour-les-vacances-dhiver\/\",\"url\":\"https:\/\/abspace.yves-rocher.com\/mon-vanity-pour-les-vacances-dhiver\/\",\"name\":\"Mon vanity pour les vacances d'hiver - CENTRAL YR AB\",\"isPartOf\":{\"@id\":\"https:\/\/abspace.yves-rocher.com\/#website\"},\"primaryImageOfPage\":{\"@id\":\"https:\/\/abspace.yves-rocher.com\/mon-vanity-pour-les-vacances-dhiver\/#primaryimage\"},\"image\":{\"@id\":\"https:\/\/abspace.yves-rocher.com\/mon-vanity-pour-les-vacances-dhiver\/#primaryimage\"},\"thumbnailUrl\":\"https:\/\/abspace.yves-rocher.com\/wp-content\/uploads\/sites\/1\/2018\/11\/1902_D_HP-AB-SPACE_Image6_750x1036.jpg\",\"datePublished\":\"2018-11-05T11:17:41+00:00\",\"dateModified\":\"2018-12-07T13:47:47+00:00\",\"author\":{\"@id\":\"https:\/\/abspace.yves-rocher.com\/#\/schema\/person\/8e1970aa5ef24a5ec6bdf6d14f304b4e\"},\"breadcrumb\":{\"@id\":\"https:\/\/abspace.yves-rocher.com\/mon-vanity-pour-les-vacances-dhiver\/#breadcrumb\"},\"inLanguage\":\"fr-FR\",\"potentialAction\":[{\"@type\":\"ReadAction\",\"target\":[\"https:\/\/abspace.yves-rocher.com\/mon-vanity-pour-les-vacances-dhiver\/\"]}]},{\"@type\":\"ImageObject\",\"inLanguage\":\"fr-FR\",\"@id\":\"https:\/\/abspace.yves-rocher.com\/mon-vanity-pour-les-vacances-dhiver\/#primaryimage\",\"url\":\"https:\/\/abspace.yves-rocher.com\/wp-content\/uploads\/sites\/1\/2018\/11\/1902_D_HP-AB-SPACE_Image6_750x1036.jpg\",\"contentUrl\":\"https:\/\/abspace.yves-rocher.com\/wp-content\/uploads\/sites\/1\/2018\/11\/1902_D_HP-AB-SPACE_Image6_750x1036.jpg\",\"width\":750,\"height\":1036},{\"@type\":\"BreadcrumbList\",\"@id\":\"https:\/\/abspace.yves-rocher.com\/mon-vanity-pour-les-vacances-dhiver\/#breadcrumb\",\"itemListElement\":[{\"@type\":\"ListItem\",\"position\":1,\"name\":\"Home\",\"item\":\"https:\/\/abspace.yves-rocher.com\/\"},{\"@type\":\"ListItem\",\"position\":2,\"name\":\"Mon vanity pour les vacances d&#8217;hiver\"}]},{\"@type\":\"WebSite\",\"@id\":\"https:\/\/abspace.yves-rocher.com\/#website\",\"url\":\"https:\/\/abspace.yves-rocher.com\/\",\"name\":\"CENTRAL YR AB\",\"description\":\"CENTRAL YR AB\",\"potentialAction\":[{\"@type\":\"SearchAction\",\"target\":{\"@type\":\"EntryPoint\",\"urlTemplate\":\"https:\/\/abspace.yves-rocher.com\/?s={search_term_string}\"},\"query-input\":{\"@type\":\"PropertyValueSpecification\",\"valueRequired\":true,\"valueName\":\"search_term_string\"}}],\"inLanguage\":\"fr-FR\"},{\"@type\":\"Person\",\"@id\":\"https:\/\/abspace.yves-rocher.com\/#\/schema\/person\/8e1970aa5ef24a5ec6bdf6d14f304b4e\",\"name\":\"nolwenndrevet\",\"image\":{\"@type\":\"ImageObject\",\"inLanguage\":\"fr-FR\",\"@id\":\"https:\/\/abspace.yves-rocher.com\/#\/schema\/person\/image\/\",\"url\":\"https:\/\/secure.gravatar.com\/avatar\/9f52e1a836597aebf5a6bf0f10d4aca5?s=96&d=mm&r=g\",\"contentUrl\":\"https:\/\/secure.gravatar.com\/avatar\/9f52e1a836597aebf5a6bf0f10d4aca5?s=96&d=mm&r=g\",\"caption\":\"nolwenndrevet\"},\"url\":\"https:\/\/abspace.yves-rocher.com\/author\/nolwenndrevet\/\"}]}<\/script>\n<!-- \/ Yoast SEO plugin. -->","yoast_head_json":{"title":"Mon vanity pour les vacances d'hiver - CENTRAL YR AB","robots":{"index":"index","follow":"follow","max-snippet":"max-snippet:-1","max-image-preview":"max-image-preview:large","max-video-preview":"max-video-preview:-1"},"canonical":"https:\/\/abspace.yves-rocher.com\/mon-vanity-pour-les-vacances-dhiver\/","og_locale":"fr_FR","og_type":"article","og_title":"Mon vanity pour les vacances d'hiver - CENTRAL YR AB","og_description":"Les produits pr\u00e9f\u00e9r\u00e9s des collaboratrices Yves Rocher","og_url":"https:\/\/abspace.yves-rocher.com\/mon-vanity-pour-les-vacances-dhiver\/","og_site_name":"CENTRAL YR AB","article_published_time":"2018-11-05T11:17:41+00:00","article_modified_time":"2018-12-07T13:47:47+00:00","og_image":[{"width":750,"height":1036,"url":"https:\/\/abspace.yves-rocher.com\/wp-content\/uploads\/sites\/1\/2018\/11\/1902_D_HP-AB-SPACE_Image6_750x1036.jpg","type":"image\/jpeg"}],"author":"nolwenndrevet","twitter_card":"summary_large_image","twitter_misc":{"Written by":"nolwenndrevet"},"schema":{"@context":"https:\/\/schema.org","@graph":[{"@type":"WebPage","@id":"https:\/\/abspace.yves-rocher.com\/mon-vanity-pour-les-vacances-dhiver\/","url":"https:\/\/abspace.yves-rocher.com\/mon-vanity-pour-les-vacances-dhiver\/","name":"Mon vanity pour les vacances d'hiver - CENTRAL YR AB","isPartOf":{"@id":"https:\/\/abspace.yves-rocher.com\/#website"},"primaryImageOfPage":{"@id":"https:\/\/abspace.yves-rocher.com\/mon-vanity-pour-les-vacances-dhiver\/#primaryimage"},"image":{"@id":"https:\/\/abspace.yves-rocher.com\/mon-vanity-pour-les-vacances-dhiver\/#primaryimage"},"thumbnailUrl":"https:\/\/abspace.yves-rocher.com\/wp-content\/uploads\/sites\/1\/2018\/11\/1902_D_HP-AB-SPACE_Image6_750x1036.jpg","datePublished":"2018-11-05T11:17:41+00:00","dateModified":"2018-12-07T13:47:47+00:00","author":{"@id":"https:\/\/abspace.yves-rocher.com\/#\/schema\/person\/8e1970aa5ef24a5ec6bdf6d14f304b4e"},"breadcrumb":{"@id":"https:\/\/abspace.yves-rocher.com\/mon-vanity-pour-les-vacances-dhiver\/#breadcrumb"},"inLanguage":"fr-FR","potentialAction":[{"@type":"ReadAction","target":["https:\/\/abspace.yves-rocher.com\/mon-vanity-pour-les-vacances-dhiver\/"]}]},{"@type":"ImageObject","inLanguage":"fr-FR","@id":"https:\/\/abspace.yves-rocher.com\/mon-vanity-pour-les-vacances-dhiver\/#primaryimage","url":"https:\/\/abspace.yves-rocher.com\/wp-content\/uploads\/sites\/1\/2018\/11\/1902_D_HP-AB-SPACE_Image6_750x1036.jpg","contentUrl":"https:\/\/abspace.yves-rocher.com\/wp-content\/uploads\/sites\/1\/2018\/11\/1902_D_HP-AB-SPACE_Image6_750x1036.jpg","width":750,"height":1036},{"@type":"BreadcrumbList","@id":"https:\/\/abspace.yves-rocher.com\/mon-vanity-pour-les-vacances-dhiver\/#breadcrumb","itemListElement":[{"@type":"ListItem","position":1,"name":"Home","item":"https:\/\/abspace.yves-rocher.com\/"},{"@type":"ListItem","position":2,"name":"Mon vanity pour les vacances d&#8217;hiver"}]},{"@type":"WebSite","@id":"https:\/\/abspace.yves-rocher.com\/#website","url":"https:\/\/abspace.yves-rocher.com\/","name":"CENTRAL YR AB","description":"CENTRAL YR AB","potentialAction":[{"@type":"SearchAction","target":{"@type":"EntryPoint","urlTemplate":"https:\/\/abspace.yves-rocher.com\/?s={search_term_string}"},"query-input":{"@type":"PropertyValueSpecification","valueRequired":true,"valueName":"search_term_string"}}],"inLanguage":"fr-FR"},{"@type":"Person","@id":"https:\/\/abspace.yves-rocher.com\/#\/schema\/person\/8e1970aa5ef24a5ec6bdf6d14f304b4e","name":"nolwenndrevet","image":{"@type":"ImageObject","inLanguage":"fr-FR","@id":"https:\/\/abspace.yves-rocher.com\/#\/schema\/person\/image\/","url":"https:\/\/secure.gravatar.com\/avatar\/9f52e1a836597aebf5a6bf0f10d4aca5?s=96&d=mm&r=g","contentUrl":"https:\/\/secure.gravatar.com\/avatar\/9f52e1a836597aebf5a6bf0f10d4aca5?s=96&d=mm&r=g","caption":"nolwenndrevet"},"url":"https:\/\/abspace.yves-rocher.com\/author\/nolwenndrevet\/"}]}},"_links":{"self":[{"href":"https:\/\/abspace.yves-rocher.com\/ws\/wp\/v2\/posts\/5425","targetHints":{"allow":["GET"]}}],"collection":[{"href":"https:\/\/abspace.yves-rocher.com\/ws\/wp\/v2\/posts"}],"about":[{"href":"https:\/\/abspace.yves-rocher.com\/ws\/wp\/v2\/types\/post"}],"author":[{"embeddable":true,"href":"https:\/\/abspace.yves-rocher.com\/ws\/wp\/v2\/users\/188608"}],"replies":[{"embeddable":true,"href":"https:\/\/abspace.yves-rocher.com\/ws\/wp\/v2\/comments?post=5425"}],"version-history":[{"count":6,"href":"https:\/\/abspace.yves-rocher.com\/ws\/wp\/v2\/posts\/5425\/revisions"}],"predecessor-version":[{"id":5430,"href":"https:\/\/abspace.yves-rocher.com\/ws\/wp\/v2\/posts\/5425\/revisions\/5430"}],"wp:featuredmedia":[{"embeddable":true,"href":"https:\/\/abspace.yves-rocher.com\/ws\/wp\/v2\/media\/5465"}],"wp:attachment":[{"href":"https:\/\/abspace.yves-rocher.com\/ws\/wp\/v2\/media?parent=5425"}],"wp:term":[{"taxonomy":"category","embeddable":true,"href":"https:\/\/abspace.yves-rocher.com\/ws\/wp\/v2\/categories?post=5425"},{"taxonomy":"post_tag","embeddable":true,"href":"https:\/\/abspace.yves-rocher.com\/ws\/wp\/v2\/tags?post=5425"}],"curies":[{"name":"wp","href":"https:\/\/api.w.org\/{rel}","templated":true}]}}