{"id":6879,"date":"2019-06-20T08:00:47","date_gmt":"2019-06-20T08:00:47","guid":{"rendered":"https:\/\/abspace.yves-rocher.com\/?p=6879"},"modified":"2019-07-05T09:46:29","modified_gmt":"2019-07-05T09:46:29","slug":"votre-peau-notre-expertise","status":"publish","type":"post","link":"https:\/\/abspace.yves-rocher.com\/votre-peau-notre-expertise\/","title":{"rendered":"Votre peau, notre expertise"},"content":{"rendered":"<div id=\"pl-6879\"  class=\"panel-layout\" ><div id=\"pg-6879-0\"  class=\"panel-grid panel-has-style\" ><div class=\"layoutVideo panel-row-style panel-row-style-for-6879-0\" ><div id=\"pgc-6879-0-0\"  class=\"panel-grid-cell\" >            <div class=\"textWidget header-description header-description\">\r\n                <p>Comment prenons-nous soin de votre peau au quotidien ?\n<\/p>\r\n            <\/div>\r\n    <div id=\"panel-6879-0-0-1\" class=\"so-panel widget widget_siteorigin-panels-embedded-video\" data-index=\"1\" ><div class=\"siteorigin-fitvids\"><\/div><\/div><div id=\"panel-6879-0-0-2\" class=\"so-panel widget widget_sow-editor\" data-index=\"2\" ><div\n\t\t\t\n\t\t\tclass=\"so-widget-sow-editor so-widget-sow-editor-base\"\n\t\t\t\n\t\t>\n<div class=\"siteorigin-widget-tinymce textwidget\">\n\t<p>\u00a0<\/p>\n<h2>Parce que chaque peau est unique, nous l\u2019\u00e9tudions avec attention afin de vous proposer les meilleures solutions. De l\u2019actif s\u00e9lectionn\u00e9, jusqu\u2019\u00e0 la sensorialit\u00e9, nos formules sont test\u00e9es aupr\u00e8s de femmes au CERCO pour vous procurer le meilleur r\u00e9sultat possible, naturel et respectueux de votre peau.\u00a0<\/h2>\n<p>*Centre d\u2019Etudes et de Recherches en Cosm\u00e9tologie, agr\u00e9\u00e9 par le Minist\u00e8re de la Sant\u00e9 en France<\/p>\n<\/div>\n<\/div><\/div><div id=\"panel-6879-0-0-3\" class=\"so-panel widget panel-last-child\" data-index=\"3\" ><\/div><\/div><\/div><\/div><\/div>","protected":false},"excerpt":{"rendered":"<p>Avez-vous d\u00e9j\u00e0 pens\u00e9 \u00e0 l&#8217;Hamam\u00e9lis bio pour votre peau sensible?<\/p>\n","protected":false},"author":271622,"featured_media":6964,"comment_status":"open","ping_status":"open","sticky":false,"template":"","format":"standard","meta":{"_acf_changed":false,"footnotes":""},"categories":[29],"tags":[33,149,339],"class_list":["post-6879","post","type-post","status-publish","format-standard","has-post-thumbnail","hentry","category-uncategorized-en","tag-actbeautiful","tag-astucebeaute","tag-expertisebeaute"],"acf":[],"yoast_head":"<!-- This site is optimized with the Yoast SEO plugin v24.7 - https:\/\/yoast.com\/wordpress\/plugins\/seo\/ -->\n<title>Votre peau, notre expertise - CENTRAL YR AB<\/title>\n<meta name=\"robots\" content=\"index, follow, max-snippet:-1, max-image-preview:large, max-video-preview:-1\" \/>\n<link rel=\"canonical\" href=\"https:\/\/abspace.yves-rocher.com\/votre-peau-notre-expertise\/\" \/>\n<meta property=\"og:locale\" content=\"fr_FR\" \/>\n<meta property=\"og:type\" content=\"article\" \/>\n<meta property=\"og:title\" content=\"Votre peau, notre expertise - CENTRAL YR AB\" \/>\n<meta property=\"og:description\" content=\"Avez-vous d\u00e9j\u00e0 pens\u00e9 \u00e0 l&#039;Hamam\u00e9lis bio pour votre peau sensible?\" \/>\n<meta property=\"og:url\" content=\"https:\/\/abspace.yves-rocher.com\/votre-peau-notre-expertise\/\" \/>\n<meta property=\"og:site_name\" content=\"CENTRAL YR AB\" \/>\n<meta property=\"article:published_time\" content=\"2019-06-20T08:00:47+00:00\" \/>\n<meta property=\"article:modified_time\" content=\"2019-07-05T09:46:29+00:00\" \/>\n<meta property=\"og:image\" content=\"https:\/\/abspace.yves-rocher.com\/wp-content\/uploads\/sites\/1\/2019\/06\/1910_D_HP-AB-SPACE_Image5_750x1036.jpg\" \/>\n\t<meta property=\"og:image:width\" content=\"750\" \/>\n\t<meta property=\"og:image:height\" content=\"1036\" \/>\n\t<meta property=\"og:image:type\" content=\"image\/jpeg\" \/>\n<meta name=\"author\" content=\"juliettecabanie\" \/>\n<meta name=\"twitter:card\" content=\"summary_large_image\" \/>\n<meta name=\"twitter:label1\" content=\"Written by\" \/>\n\t<meta name=\"twitter:data1\" content=\"juliettecabanie\" \/>\n<script type=\"application\/ld+json\" class=\"yoast-schema-graph\">{\"@context\":\"https:\/\/schema.org\",\"@graph\":[{\"@type\":\"WebPage\",\"@id\":\"https:\/\/abspace.yves-rocher.com\/votre-peau-notre-expertise\/\",\"url\":\"https:\/\/abspace.yves-rocher.com\/votre-peau-notre-expertise\/\",\"name\":\"Votre peau, notre expertise - CENTRAL YR AB\",\"isPartOf\":{\"@id\":\"https:\/\/abspace.yves-rocher.com\/#website\"},\"primaryImageOfPage\":{\"@id\":\"https:\/\/abspace.yves-rocher.com\/votre-peau-notre-expertise\/#primaryimage\"},\"image\":{\"@id\":\"https:\/\/abspace.yves-rocher.com\/votre-peau-notre-expertise\/#primaryimage\"},\"thumbnailUrl\":\"https:\/\/abspace.yves-rocher.com\/wp-content\/uploads\/sites\/1\/2019\/06\/1910_D_HP-AB-SPACE_Image5_750x1036.jpg\",\"datePublished\":\"2019-06-20T08:00:47+00:00\",\"dateModified\":\"2019-07-05T09:46:29+00:00\",\"author\":{\"@id\":\"https:\/\/abspace.yves-rocher.com\/#\/schema\/person\/659e2861dd3c8fe697c0f21088ffee31\"},\"breadcrumb\":{\"@id\":\"https:\/\/abspace.yves-rocher.com\/votre-peau-notre-expertise\/#breadcrumb\"},\"inLanguage\":\"fr-FR\",\"potentialAction\":[{\"@type\":\"ReadAction\",\"target\":[\"https:\/\/abspace.yves-rocher.com\/votre-peau-notre-expertise\/\"]}]},{\"@type\":\"ImageObject\",\"inLanguage\":\"fr-FR\",\"@id\":\"https:\/\/abspace.yves-rocher.com\/votre-peau-notre-expertise\/#primaryimage\",\"url\":\"https:\/\/abspace.yves-rocher.com\/wp-content\/uploads\/sites\/1\/2019\/06\/1910_D_HP-AB-SPACE_Image5_750x1036.jpg\",\"contentUrl\":\"https:\/\/abspace.yves-rocher.com\/wp-content\/uploads\/sites\/1\/2019\/06\/1910_D_HP-AB-SPACE_Image5_750x1036.jpg\",\"width\":750,\"height\":1036},{\"@type\":\"BreadcrumbList\",\"@id\":\"https:\/\/abspace.yves-rocher.com\/votre-peau-notre-expertise\/#breadcrumb\",\"itemListElement\":[{\"@type\":\"ListItem\",\"position\":1,\"name\":\"Home\",\"item\":\"https:\/\/abspace.yves-rocher.com\/\"},{\"@type\":\"ListItem\",\"position\":2,\"name\":\"Votre peau, notre expertise\"}]},{\"@type\":\"WebSite\",\"@id\":\"https:\/\/abspace.yves-rocher.com\/#website\",\"url\":\"https:\/\/abspace.yves-rocher.com\/\",\"name\":\"CENTRAL YR AB\",\"description\":\"CENTRAL YR AB\",\"potentialAction\":[{\"@type\":\"SearchAction\",\"target\":{\"@type\":\"EntryPoint\",\"urlTemplate\":\"https:\/\/abspace.yves-rocher.com\/?s={search_term_string}\"},\"query-input\":{\"@type\":\"PropertyValueSpecification\",\"valueRequired\":true,\"valueName\":\"search_term_string\"}}],\"inLanguage\":\"fr-FR\"},{\"@type\":\"Person\",\"@id\":\"https:\/\/abspace.yves-rocher.com\/#\/schema\/person\/659e2861dd3c8fe697c0f21088ffee31\",\"name\":\"juliettecabanie\",\"image\":{\"@type\":\"ImageObject\",\"inLanguage\":\"fr-FR\",\"@id\":\"https:\/\/abspace.yves-rocher.com\/#\/schema\/person\/image\/\",\"url\":\"https:\/\/secure.gravatar.com\/avatar\/0140337e1e20d6eb302fc0cc1d74ec6a?s=96&d=mm&r=g\",\"contentUrl\":\"https:\/\/secure.gravatar.com\/avatar\/0140337e1e20d6eb302fc0cc1d74ec6a?s=96&d=mm&r=g\",\"caption\":\"juliettecabanie\"},\"url\":\"https:\/\/abspace.yves-rocher.com\/author\/juliettecabanie\/\"}]}<\/script>\n<!-- \/ Yoast SEO plugin. -->","yoast_head_json":{"title":"Votre peau, notre expertise - CENTRAL YR AB","robots":{"index":"index","follow":"follow","max-snippet":"max-snippet:-1","max-image-preview":"max-image-preview:large","max-video-preview":"max-video-preview:-1"},"canonical":"https:\/\/abspace.yves-rocher.com\/votre-peau-notre-expertise\/","og_locale":"fr_FR","og_type":"article","og_title":"Votre peau, notre expertise - CENTRAL YR AB","og_description":"Avez-vous d\u00e9j\u00e0 pens\u00e9 \u00e0 l'Hamam\u00e9lis bio pour votre peau sensible?","og_url":"https:\/\/abspace.yves-rocher.com\/votre-peau-notre-expertise\/","og_site_name":"CENTRAL YR AB","article_published_time":"2019-06-20T08:00:47+00:00","article_modified_time":"2019-07-05T09:46:29+00:00","og_image":[{"width":750,"height":1036,"url":"https:\/\/abspace.yves-rocher.com\/wp-content\/uploads\/sites\/1\/2019\/06\/1910_D_HP-AB-SPACE_Image5_750x1036.jpg","type":"image\/jpeg"}],"author":"juliettecabanie","twitter_card":"summary_large_image","twitter_misc":{"Written by":"juliettecabanie"},"schema":{"@context":"https:\/\/schema.org","@graph":[{"@type":"WebPage","@id":"https:\/\/abspace.yves-rocher.com\/votre-peau-notre-expertise\/","url":"https:\/\/abspace.yves-rocher.com\/votre-peau-notre-expertise\/","name":"Votre peau, notre expertise - CENTRAL YR AB","isPartOf":{"@id":"https:\/\/abspace.yves-rocher.com\/#website"},"primaryImageOfPage":{"@id":"https:\/\/abspace.yves-rocher.com\/votre-peau-notre-expertise\/#primaryimage"},"image":{"@id":"https:\/\/abspace.yves-rocher.com\/votre-peau-notre-expertise\/#primaryimage"},"thumbnailUrl":"https:\/\/abspace.yves-rocher.com\/wp-content\/uploads\/sites\/1\/2019\/06\/1910_D_HP-AB-SPACE_Image5_750x1036.jpg","datePublished":"2019-06-20T08:00:47+00:00","dateModified":"2019-07-05T09:46:29+00:00","author":{"@id":"https:\/\/abspace.yves-rocher.com\/#\/schema\/person\/659e2861dd3c8fe697c0f21088ffee31"},"breadcrumb":{"@id":"https:\/\/abspace.yves-rocher.com\/votre-peau-notre-expertise\/#breadcrumb"},"inLanguage":"fr-FR","potentialAction":[{"@type":"ReadAction","target":["https:\/\/abspace.yves-rocher.com\/votre-peau-notre-expertise\/"]}]},{"@type":"ImageObject","inLanguage":"fr-FR","@id":"https:\/\/abspace.yves-rocher.com\/votre-peau-notre-expertise\/#primaryimage","url":"https:\/\/abspace.yves-rocher.com\/wp-content\/uploads\/sites\/1\/2019\/06\/1910_D_HP-AB-SPACE_Image5_750x1036.jpg","contentUrl":"https:\/\/abspace.yves-rocher.com\/wp-content\/uploads\/sites\/1\/2019\/06\/1910_D_HP-AB-SPACE_Image5_750x1036.jpg","width":750,"height":1036},{"@type":"BreadcrumbList","@id":"https:\/\/abspace.yves-rocher.com\/votre-peau-notre-expertise\/#breadcrumb","itemListElement":[{"@type":"ListItem","position":1,"name":"Home","item":"https:\/\/abspace.yves-rocher.com\/"},{"@type":"ListItem","position":2,"name":"Votre peau, notre expertise"}]},{"@type":"WebSite","@id":"https:\/\/abspace.yves-rocher.com\/#website","url":"https:\/\/abspace.yves-rocher.com\/","name":"CENTRAL YR AB","description":"CENTRAL YR AB","potentialAction":[{"@type":"SearchAction","target":{"@type":"EntryPoint","urlTemplate":"https:\/\/abspace.yves-rocher.com\/?s={search_term_string}"},"query-input":{"@type":"PropertyValueSpecification","valueRequired":true,"valueName":"search_term_string"}}],"inLanguage":"fr-FR"},{"@type":"Person","@id":"https:\/\/abspace.yves-rocher.com\/#\/schema\/person\/659e2861dd3c8fe697c0f21088ffee31","name":"juliettecabanie","image":{"@type":"ImageObject","inLanguage":"fr-FR","@id":"https:\/\/abspace.yves-rocher.com\/#\/schema\/person\/image\/","url":"https:\/\/secure.gravatar.com\/avatar\/0140337e1e20d6eb302fc0cc1d74ec6a?s=96&d=mm&r=g","contentUrl":"https:\/\/secure.gravatar.com\/avatar\/0140337e1e20d6eb302fc0cc1d74ec6a?s=96&d=mm&r=g","caption":"juliettecabanie"},"url":"https:\/\/abspace.yves-rocher.com\/author\/juliettecabanie\/"}]}},"_links":{"self":[{"href":"https:\/\/abspace.yves-rocher.com\/ws\/wp\/v2\/posts\/6879","targetHints":{"allow":["GET"]}}],"collection":[{"href":"https:\/\/abspace.yves-rocher.com\/ws\/wp\/v2\/posts"}],"about":[{"href":"https:\/\/abspace.yves-rocher.com\/ws\/wp\/v2\/types\/post"}],"author":[{"embeddable":true,"href":"https:\/\/abspace.yves-rocher.com\/ws\/wp\/v2\/users\/271622"}],"replies":[{"embeddable":true,"href":"https:\/\/abspace.yves-rocher.com\/ws\/wp\/v2\/comments?post=6879"}],"version-history":[{"count":7,"href":"https:\/\/abspace.yves-rocher.com\/ws\/wp\/v2\/posts\/6879\/revisions"}],"predecessor-version":[{"id":7394,"href":"https:\/\/abspace.yves-rocher.com\/ws\/wp\/v2\/posts\/6879\/revisions\/7394"}],"wp:featuredmedia":[{"embeddable":true,"href":"https:\/\/abspace.yves-rocher.com\/ws\/wp\/v2\/media\/6964"}],"wp:attachment":[{"href":"https:\/\/abspace.yves-rocher.com\/ws\/wp\/v2\/media?parent=6879"}],"wp:term":[{"taxonomy":"category","embeddable":true,"href":"https:\/\/abspace.yves-rocher.com\/ws\/wp\/v2\/categories?post=6879"},{"taxonomy":"post_tag","embeddable":true,"href":"https:\/\/abspace.yves-rocher.com\/ws\/wp\/v2\/tags?post=6879"}],"curies":[{"name":"wp","href":"https:\/\/api.w.org\/{rel}","templated":true}]}}