{"id":9506,"date":"2021-08-10T10:30:58","date_gmt":"2021-08-10T10:30:58","guid":{"rendered":"https:\/\/abspace.yves-rocher.com\/?p=9506"},"modified":"2021-09-24T13:12:56","modified_gmt":"2021-09-24T13:12:56","slug":"lengagement-sans-frontiere","status":"publish","type":"post","link":"https:\/\/abspace.yves-rocher.com\/lengagement-sans-frontiere\/","title":{"rendered":"L\u2019engagement sans fronti\u00e8re"},"content":{"rendered":"<div id=\"pl-9506\"  class=\"panel-layout\" ><div id=\"pg-9506-0\"  class=\"panel-grid panel-no-style\" ><div id=\"pgc-9506-0-0\"  class=\"panel-grid-cell\" >            <div class=\"textWidget header-description \">\r\n                <p>De nouvelles laur\u00e9ates et un appel \u00e0 candidature, l\u2019actualit\u00e9 de l\u2019International Award Terre de Femmes est riche. <\/p>\r\n            <\/div>\r\n    <\/div><\/div><div id=\"pg-9506-1\"  class=\"panel-grid panel-no-style\" ><div id=\"pgc-9506-1-0\"  class=\"panel-grid-cell\" ><div id=\"panel-9506-1-0-0\" class=\"so-panel widget widget_sow-editor panel-first-child panel-last-child\" data-index=\"1\" ><div\n\t\t\t\n\t\t\tclass=\"so-widget-sow-editor so-widget-sow-editor-base\"\n\t\t\t\n\t\t>\n<div class=\"siteorigin-widget-tinymce textwidget\">\n\t<p>La Fondation Yves Rocher, que nous soutenons depuis ses d\u00e9buts sait le potentiel et la puissance des femmes. Avec l\u2019International Award Terre de Femmes, cr\u00e9\u00e9 en 2019, la Fondation met \u00e0 l\u2019honneur tous ces champs rendus possibles par la force et la d\u00e9termination f\u00e9minines. Ce prix r\u00e9compense des actions men\u00e9es par une femme ou un collectif de femmes, venant du monde associatif ou de la solidarit\u00e9.<\/p>\n<p>Il explore, aussi et surtout, chaque ann\u00e9e une th\u00e9matique diff\u00e9rente pour attirer l\u2019attention sur un sujet environnemental, mais aussi, donner un \u00e9clairage \u00e0 celles qui agissent souvent dans l\u2019ombre pour le bien commun et notre plan\u00e8te.<\/p>\n<p>L\u2019engagement des femmes n\u2019a pas de limite. Inspir\u00e9es, convaincues, optimistes elles sont souvent en premi\u00e8re ligne de l\u2019action pour l\u2019environnement. Sur les multiples fronts de ces combats pour le vivant, elles n\u2019h\u00e9sitent pas et s\u2019emparent de tous les sujets pour agir et les marquer d\u2019une empreinte positive.<\/p>\n<\/div>\n<\/div><\/div><\/div><div id=\"pgc-9506-1-1\"  class=\"panel-grid-cell\" ><div id=\"panel-9506-1-1-0\" class=\"so-panel widget widget_sow-image panel-first-child panel-last-child\" data-index=\"2\" ><div\n\t\t\t\n\t\t\tclass=\"so-widget-sow-image so-widget-sow-image-default-8b5b6f678277-9506\"\n\t\t\t\n\t\t>\r\n\r\n\r\n<div class=\"sow-image-container\">\r\n    \r\n    <img loading=\"lazy\" decoding=\"async\" src=\"https:\/\/abspace.yves-rocher.com\/wp-content\/uploads\/sites\/1\/2021\/08\/2109_S_Article_Terre_de_Femmes_VISUEL2_1100x652.jpg\" width=\"1100\" height=\"652\" srcset=\"\"          class=\"so-widget-image\" \/>\r\n\r\n    \r\n    \r\n    <\/div>\r\n\r\n<\/div><\/div><\/div><\/div><div id=\"pg-9506-2\"  class=\"panel-grid panel-no-style\" ><div id=\"pgc-9506-2-0\"  class=\"panel-grid-cell\" ><div id=\"panel-9506-2-0-0\" class=\"so-panel widget widget_sow-image panel-first-child panel-last-child\" data-index=\"3\" ><div\n\t\t\t\n\t\t\tclass=\"so-widget-sow-image so-widget-sow-image-default-8b5b6f678277-9506\"\n\t\t\t\n\t\t>\r\n\r\n\r\n<div class=\"sow-image-container\">\r\n    \r\n    <img loading=\"lazy\" decoding=\"async\" src=\"https:\/\/abspace.yves-rocher.com\/wp-content\/uploads\/sites\/1\/2021\/08\/2109_S_Article_Terre_de_Femmes_VISUEL3_1100x652.jpg\" width=\"1100\" height=\"652\" srcset=\"\"          class=\"so-widget-image\" \/>\r\n\r\n    \r\n    \r\n    <\/div>\r\n\r\n<\/div><\/div><\/div><div id=\"pgc-9506-2-1\"  class=\"panel-grid-cell\" ><div id=\"panel-9506-2-1-0\" class=\"so-panel widget widget_sow-editor panel-first-child panel-last-child\" data-index=\"4\" ><div\n\t\t\t\n\t\t\tclass=\"so-widget-sow-editor so-widget-sow-editor-base\"\n\t\t\t\n\t\t>\n<div class=\"siteorigin-widget-tinymce textwidget\">\n\t<p><strong>Un prix, deux laur\u00e9ates <\/strong><\/p>\n<p>Lors de sa premi\u00e8re \u00e9dition en 2019, amorc\u00e9e sur le th\u00e8me \u00ab Living soils challenge \u00bb, l\u2019International Award saluait l\u2019engagement de Ruhama qui agit en Ethiopie pour reboiser des sols d\u00e9grad\u00e9s par la d\u00e9forestation.<\/p>\n<p>Cette ann\u00e9e, le mill\u00e9sime 2021 a laiss\u00e9 suffisamment de place pour deux laur\u00e9ates en d\u00e9clinant leur engagement sur le th\u00e8me \u00ab Les graines, gardiennes de notre patrimoine nourricier &amp; de la biodiversit\u00e9 \u00bb. <strong>Cl\u00e9of\u00e9c\u00e9lia<\/strong> remporte l\u2019International Award et <strong>Marie Bonneville<\/strong> une Mention sp\u00e9ciale du jury.<\/p>\n<p>Cl\u00e9of\u00e9celia se bat au P\u00e9rou pour pr\u00e9server les graines et semences des Andes. Marie \u0153uvre dans les Alpes-Maritimes \u00e0 la pr\u00e9servation des graines locales. Les deux femmes, que des milliers de kilom\u00e8tres s\u00e9parent, se rejoignent ensemble autour d\u2019un prix, un engagement, une vision et de valeurs communes.<\/p>\n<\/div>\n<\/div><\/div><\/div><\/div><div id=\"pg-9506-3\"  class=\"panel-grid panel-no-style\" ><div id=\"pgc-9506-3-0\"  class=\"panel-grid-cell\" ><div id=\"panel-9506-3-0-0\" class=\"so-panel widget widget_sow-editor panel-first-child panel-last-child\" data-index=\"5\" ><div\n\t\t\t\n\t\t\tclass=\"so-widget-sow-editor so-widget-sow-editor-base\"\n\t\t\t\n\t\t>\n<div class=\"siteorigin-widget-tinymce textwidget\">\n\t<p><strong>Edition 2022, candidatez d\u00e8s maintenant <\/strong><\/p>\n<p>Nous continuons de soutenir fi\u00e8rement ce prix et ces initiatives. L\u2019\u00e9dition 2022 de l\u2019International Award est d\u00e9j\u00e0 sur les rails sous la th\u00e9matique \u00ab La faune sauvage, au c\u0153ur des grands \u00e9quilibres. \u00bb. Le sujet est crucial.<\/p>\n<p>D\u00e9forestation, ass\u00e8chement des zones humides, artificialisation des sols, pollutions chimiques, usage des pesticides, sont autant de facteurs connus et responsables de l\u2019extinction des esp\u00e8ces.<\/p>\n<p>Cet angle est aussi une opportunit\u00e9 pour alerter sur les raisons qui mettent en p\u00e9ril la faune sauvage. Selon un\u00a0 rapport du WWF, 68% des vert\u00e9br\u00e9s sauvages ont disparu depuis 1970. L\u2019\u00e9quilibre et l\u2019int\u00e9grit\u00e9 de notre \u00e9cosyst\u00e8me s\u2019en trouvent menac\u00e9s.<\/p>\n<p>Vous \u00eates de celles qui agissent ? Vous menez un projet promouvant la pr\u00e9servation de la faune sauvage ? Vous connaissez une amie investie dans ce domaine, un collectif f\u00e9minin mobilis\u00e9 autour de la cause ? Si vous r\u00e9pondez oui \u00e0, au moins, une de ces questions, n\u2019h\u00e9sitez plus. Les inscriptions sont ouvertes du 15 septembre au 15 novembre.<\/p>\n<\/div>\n<\/div><\/div><\/div><div id=\"pgc-9506-3-1\"  class=\"panel-grid-cell\" ><div id=\"panel-9506-3-1-0\" class=\"so-panel widget widget_sow-image panel-first-child\" data-index=\"6\" ><div\n\t\t\t\n\t\t\tclass=\"so-widget-sow-image so-widget-sow-image-default-8b5b6f678277-9506\"\n\t\t\t\n\t\t>\r\n\r\n\r\n<div class=\"sow-image-container\">\r\n    \r\n    <img loading=\"lazy\" decoding=\"async\" src=\"https:\/\/abspace.yves-rocher.com\/wp-content\/uploads\/sites\/1\/2021\/08\/2109_S_Article_Terre_de_Femmes_VISUEL1_1100x652.jpg\" width=\"1100\" height=\"652\" srcset=\"\"          class=\"so-widget-image\" \/>\r\n\r\n    \r\n    \r\n    <\/div>\r\n\r\n<\/div><\/div><div id=\"panel-9506-3-1-1\" class=\"so-panel widget panel-last-child\" data-index=\"7\" ><\/div><\/div><\/div><\/div>","protected":false},"excerpt":{"rendered":"<p>Terre de femmes, une actualit\u00e9 riche \u00e0 d\u00e9couvrir<\/p>\n","protected":false},"author":935949,"featured_media":9616,"comment_status":"open","ping_status":"open","sticky":false,"template":"","format":"standard","meta":{"_acf_changed":false,"footnotes":""},"categories":[29],"tags":[515,431],"class_list":["post-9506","post","type-post","status-publish","format-standard","has-post-thumbnail","hentry","category-uncategorized-en","tag-alaune","tag-nosvaleurspartagees"],"acf":[],"yoast_head":"<!-- This site is optimized with the Yoast SEO plugin v24.7 - https:\/\/yoast.com\/wordpress\/plugins\/seo\/ -->\n<title>L\u2019engagement sans fronti\u00e8re - CENTRAL YR AB<\/title>\n<meta name=\"robots\" content=\"index, follow, max-snippet:-1, max-image-preview:large, max-video-preview:-1\" \/>\n<link rel=\"canonical\" href=\"https:\/\/abspace.yves-rocher.com\/lengagement-sans-frontiere\/\" \/>\n<meta property=\"og:locale\" content=\"fr_FR\" \/>\n<meta property=\"og:type\" content=\"article\" \/>\n<meta property=\"og:title\" content=\"L\u2019engagement sans fronti\u00e8re - CENTRAL YR AB\" \/>\n<meta property=\"og:description\" content=\"Terre de femmes, une actualit\u00e9 riche \u00e0 d\u00e9couvrir\" \/>\n<meta property=\"og:url\" content=\"https:\/\/abspace.yves-rocher.com\/lengagement-sans-frontiere\/\" \/>\n<meta property=\"og:site_name\" content=\"CENTRAL YR AB\" \/>\n<meta property=\"article:published_time\" content=\"2021-08-10T10:30:58+00:00\" \/>\n<meta property=\"article:modified_time\" content=\"2021-09-24T13:12:56+00:00\" \/>\n<meta property=\"og:image\" content=\"https:\/\/abspace.yves-rocher.com\/wp-content\/uploads\/sites\/1\/2021\/08\/2109_S_HP_push_6_750x776.jpg\" \/>\n\t<meta property=\"og:image:width\" content=\"750\" \/>\n\t<meta property=\"og:image:height\" content=\"776\" \/>\n\t<meta property=\"og:image:type\" content=\"image\/jpeg\" \/>\n<meta name=\"author\" content=\"Alice Mendes\" \/>\n<meta name=\"twitter:card\" content=\"summary_large_image\" \/>\n<meta name=\"twitter:label1\" content=\"Written by\" \/>\n\t<meta name=\"twitter:data1\" content=\"Alice Mendes\" \/>\n\t<meta name=\"twitter:label2\" content=\"Est. reading time\" \/>\n\t<meta name=\"twitter:data2\" content=\"3 minutes\" \/>\n<script type=\"application\/ld+json\" class=\"yoast-schema-graph\">{\"@context\":\"https:\/\/schema.org\",\"@graph\":[{\"@type\":\"WebPage\",\"@id\":\"https:\/\/abspace.yves-rocher.com\/lengagement-sans-frontiere\/\",\"url\":\"https:\/\/abspace.yves-rocher.com\/lengagement-sans-frontiere\/\",\"name\":\"L\u2019engagement sans fronti\u00e8re - CENTRAL YR AB\",\"isPartOf\":{\"@id\":\"https:\/\/abspace.yves-rocher.com\/#website\"},\"primaryImageOfPage\":{\"@id\":\"https:\/\/abspace.yves-rocher.com\/lengagement-sans-frontiere\/#primaryimage\"},\"image\":{\"@id\":\"https:\/\/abspace.yves-rocher.com\/lengagement-sans-frontiere\/#primaryimage\"},\"thumbnailUrl\":\"https:\/\/abspace.yves-rocher.com\/wp-content\/uploads\/sites\/1\/2021\/08\/2109_S_HP_push_6_750x776.jpg\",\"datePublished\":\"2021-08-10T10:30:58+00:00\",\"dateModified\":\"2021-09-24T13:12:56+00:00\",\"author\":{\"@id\":\"https:\/\/abspace.yves-rocher.com\/#\/schema\/person\/40f8c53003459b41fa1aca086c588e97\"},\"breadcrumb\":{\"@id\":\"https:\/\/abspace.yves-rocher.com\/lengagement-sans-frontiere\/#breadcrumb\"},\"inLanguage\":\"fr-FR\",\"potentialAction\":[{\"@type\":\"ReadAction\",\"target\":[\"https:\/\/abspace.yves-rocher.com\/lengagement-sans-frontiere\/\"]}]},{\"@type\":\"ImageObject\",\"inLanguage\":\"fr-FR\",\"@id\":\"https:\/\/abspace.yves-rocher.com\/lengagement-sans-frontiere\/#primaryimage\",\"url\":\"https:\/\/abspace.yves-rocher.com\/wp-content\/uploads\/sites\/1\/2021\/08\/2109_S_HP_push_6_750x776.jpg\",\"contentUrl\":\"https:\/\/abspace.yves-rocher.com\/wp-content\/uploads\/sites\/1\/2021\/08\/2109_S_HP_push_6_750x776.jpg\",\"width\":750,\"height\":776},{\"@type\":\"BreadcrumbList\",\"@id\":\"https:\/\/abspace.yves-rocher.com\/lengagement-sans-frontiere\/#breadcrumb\",\"itemListElement\":[{\"@type\":\"ListItem\",\"position\":1,\"name\":\"Home\",\"item\":\"https:\/\/abspace.yves-rocher.com\/\"},{\"@type\":\"ListItem\",\"position\":2,\"name\":\"L\u2019engagement sans fronti\u00e8re\"}]},{\"@type\":\"WebSite\",\"@id\":\"https:\/\/abspace.yves-rocher.com\/#website\",\"url\":\"https:\/\/abspace.yves-rocher.com\/\",\"name\":\"CENTRAL YR AB\",\"description\":\"CENTRAL YR AB\",\"potentialAction\":[{\"@type\":\"SearchAction\",\"target\":{\"@type\":\"EntryPoint\",\"urlTemplate\":\"https:\/\/abspace.yves-rocher.com\/?s={search_term_string}\"},\"query-input\":{\"@type\":\"PropertyValueSpecification\",\"valueRequired\":true,\"valueName\":\"search_term_string\"}}],\"inLanguage\":\"fr-FR\"},{\"@type\":\"Person\",\"@id\":\"https:\/\/abspace.yves-rocher.com\/#\/schema\/person\/40f8c53003459b41fa1aca086c588e97\",\"name\":\"Alice Mendes\",\"image\":{\"@type\":\"ImageObject\",\"inLanguage\":\"fr-FR\",\"@id\":\"https:\/\/abspace.yves-rocher.com\/#\/schema\/person\/image\/\",\"url\":\"https:\/\/secure.gravatar.com\/avatar\/610d2792616e6f74a4f3fbadf5cd6c89?s=96&d=mm&r=g\",\"contentUrl\":\"https:\/\/secure.gravatar.com\/avatar\/610d2792616e6f74a4f3fbadf5cd6c89?s=96&d=mm&r=g\",\"caption\":\"Alice Mendes\"},\"url\":\"https:\/\/abspace.yves-rocher.com\/author\/alicemendes\/\"}]}<\/script>\n<!-- \/ Yoast SEO plugin. -->","yoast_head_json":{"title":"L\u2019engagement sans fronti\u00e8re - CENTRAL YR AB","robots":{"index":"index","follow":"follow","max-snippet":"max-snippet:-1","max-image-preview":"max-image-preview:large","max-video-preview":"max-video-preview:-1"},"canonical":"https:\/\/abspace.yves-rocher.com\/lengagement-sans-frontiere\/","og_locale":"fr_FR","og_type":"article","og_title":"L\u2019engagement sans fronti\u00e8re - CENTRAL YR AB","og_description":"Terre de femmes, une actualit\u00e9 riche \u00e0 d\u00e9couvrir","og_url":"https:\/\/abspace.yves-rocher.com\/lengagement-sans-frontiere\/","og_site_name":"CENTRAL YR AB","article_published_time":"2021-08-10T10:30:58+00:00","article_modified_time":"2021-09-24T13:12:56+00:00","og_image":[{"width":750,"height":776,"url":"https:\/\/abspace.yves-rocher.com\/wp-content\/uploads\/sites\/1\/2021\/08\/2109_S_HP_push_6_750x776.jpg","type":"image\/jpeg"}],"author":"Alice Mendes","twitter_card":"summary_large_image","twitter_misc":{"Written by":"Alice Mendes","Est. reading time":"3 minutes"},"schema":{"@context":"https:\/\/schema.org","@graph":[{"@type":"WebPage","@id":"https:\/\/abspace.yves-rocher.com\/lengagement-sans-frontiere\/","url":"https:\/\/abspace.yves-rocher.com\/lengagement-sans-frontiere\/","name":"L\u2019engagement sans fronti\u00e8re - CENTRAL YR AB","isPartOf":{"@id":"https:\/\/abspace.yves-rocher.com\/#website"},"primaryImageOfPage":{"@id":"https:\/\/abspace.yves-rocher.com\/lengagement-sans-frontiere\/#primaryimage"},"image":{"@id":"https:\/\/abspace.yves-rocher.com\/lengagement-sans-frontiere\/#primaryimage"},"thumbnailUrl":"https:\/\/abspace.yves-rocher.com\/wp-content\/uploads\/sites\/1\/2021\/08\/2109_S_HP_push_6_750x776.jpg","datePublished":"2021-08-10T10:30:58+00:00","dateModified":"2021-09-24T13:12:56+00:00","author":{"@id":"https:\/\/abspace.yves-rocher.com\/#\/schema\/person\/40f8c53003459b41fa1aca086c588e97"},"breadcrumb":{"@id":"https:\/\/abspace.yves-rocher.com\/lengagement-sans-frontiere\/#breadcrumb"},"inLanguage":"fr-FR","potentialAction":[{"@type":"ReadAction","target":["https:\/\/abspace.yves-rocher.com\/lengagement-sans-frontiere\/"]}]},{"@type":"ImageObject","inLanguage":"fr-FR","@id":"https:\/\/abspace.yves-rocher.com\/lengagement-sans-frontiere\/#primaryimage","url":"https:\/\/abspace.yves-rocher.com\/wp-content\/uploads\/sites\/1\/2021\/08\/2109_S_HP_push_6_750x776.jpg","contentUrl":"https:\/\/abspace.yves-rocher.com\/wp-content\/uploads\/sites\/1\/2021\/08\/2109_S_HP_push_6_750x776.jpg","width":750,"height":776},{"@type":"BreadcrumbList","@id":"https:\/\/abspace.yves-rocher.com\/lengagement-sans-frontiere\/#breadcrumb","itemListElement":[{"@type":"ListItem","position":1,"name":"Home","item":"https:\/\/abspace.yves-rocher.com\/"},{"@type":"ListItem","position":2,"name":"L\u2019engagement sans fronti\u00e8re"}]},{"@type":"WebSite","@id":"https:\/\/abspace.yves-rocher.com\/#website","url":"https:\/\/abspace.yves-rocher.com\/","name":"CENTRAL YR AB","description":"CENTRAL YR AB","potentialAction":[{"@type":"SearchAction","target":{"@type":"EntryPoint","urlTemplate":"https:\/\/abspace.yves-rocher.com\/?s={search_term_string}"},"query-input":{"@type":"PropertyValueSpecification","valueRequired":true,"valueName":"search_term_string"}}],"inLanguage":"fr-FR"},{"@type":"Person","@id":"https:\/\/abspace.yves-rocher.com\/#\/schema\/person\/40f8c53003459b41fa1aca086c588e97","name":"Alice Mendes","image":{"@type":"ImageObject","inLanguage":"fr-FR","@id":"https:\/\/abspace.yves-rocher.com\/#\/schema\/person\/image\/","url":"https:\/\/secure.gravatar.com\/avatar\/610d2792616e6f74a4f3fbadf5cd6c89?s=96&d=mm&r=g","contentUrl":"https:\/\/secure.gravatar.com\/avatar\/610d2792616e6f74a4f3fbadf5cd6c89?s=96&d=mm&r=g","caption":"Alice Mendes"},"url":"https:\/\/abspace.yves-rocher.com\/author\/alicemendes\/"}]}},"_links":{"self":[{"href":"https:\/\/abspace.yves-rocher.com\/ws\/wp\/v2\/posts\/9506","targetHints":{"allow":["GET"]}}],"collection":[{"href":"https:\/\/abspace.yves-rocher.com\/ws\/wp\/v2\/posts"}],"about":[{"href":"https:\/\/abspace.yves-rocher.com\/ws\/wp\/v2\/types\/post"}],"author":[{"embeddable":true,"href":"https:\/\/abspace.yves-rocher.com\/ws\/wp\/v2\/users\/935949"}],"replies":[{"embeddable":true,"href":"https:\/\/abspace.yves-rocher.com\/ws\/wp\/v2\/comments?post=9506"}],"version-history":[{"count":10,"href":"https:\/\/abspace.yves-rocher.com\/ws\/wp\/v2\/posts\/9506\/revisions"}],"predecessor-version":[{"id":9764,"href":"https:\/\/abspace.yves-rocher.com\/ws\/wp\/v2\/posts\/9506\/revisions\/9764"}],"wp:featuredmedia":[{"embeddable":true,"href":"https:\/\/abspace.yves-rocher.com\/ws\/wp\/v2\/media\/9616"}],"wp:attachment":[{"href":"https:\/\/abspace.yves-rocher.com\/ws\/wp\/v2\/media?parent=9506"}],"wp:term":[{"taxonomy":"category","embeddable":true,"href":"https:\/\/abspace.yves-rocher.com\/ws\/wp\/v2\/categories?post=9506"},{"taxonomy":"post_tag","embeddable":true,"href":"https:\/\/abspace.yves-rocher.com\/ws\/wp\/v2\/tags?post=9506"}],"curies":[{"name":"wp","href":"https:\/\/api.w.org\/{rel}","templated":true}]}}